{"id":43958,"date":"2017-07-03T05:02:22","date_gmt":"2017-07-03T05:02:22","guid":{"rendered":"http:\/\/plazajuarez.mx\/index\/index.php\/2017\/07\/03\/celebran-el-dia-internacional-de-las-cooperativas\/"},"modified":"2017-07-03T05:02:22","modified_gmt":"2017-07-03T05:02:22","slug":"celebran-el-dia-internacional-de-las-cooperativas","status":"publish","type":"post","link":"https:\/\/plazajuarez.mx\/historico\/celebran-el-dia-internacional-de-las-cooperativas\/","title":{"rendered":"Celebran el D\u00eda Internacional de las Cooperativas"},"content":{"rendered":"<p>TULA DE ALLENDE\u00a0<\/p>\n<p>  <!--more-->  <\/p>\n<p>Con la participaci\u00f3n de las diferentes cooperativas que conforman el n\u00facleo Cruz Azul, la Uni\u00f3n de Sociedades Cooperativas de Actividades Diversas del Estado de Hidalgo, conmemor\u00f3 el pasado s\u00e1bado el D\u00eda Internacional de las Cooperativas, teniendo como anfitriona a la Coperativa Bomintzha.<br \/>Al evento acudieron representantes de las diferentes cooperativas, entre ellas el gerente de planta de la Cruz Azul, Wilfrido Arroyo Reynoso; el presidente del Consejo de Administraci\u00f3n de la Confederaci\u00f3n Nacional de Cooperativas de Actividades Diversas de la Rep\u00fablica Mexicana, Apolinar Ortiz Hern\u00e1ndez.<br \/>As\u00ed como la presidenta de la Comisi\u00f3n Especial de Fomento Cooperativo en el Ayuntamiento de Tula, Leticia Sebasti\u00e1n Mendoza; V\u00edctor Manuel Gonz\u00e1lez Romero, presidente de la Uni\u00f3n de Sociedades Cooperativas del Estado de Hidalgo y los directivos de la cooperativa Bomintzha, todos quienes participaron en las guardias de honor y en la entonaci\u00f3n del himno a la cooperaci\u00f3n.<br \/>Para dar la bienvenida a los asistentes hizo uso de la palabra el presidente del Consejo de Administraci\u00f3n de la Cooperativa Bomintzha, Bonifacio Le\u00f3n Sebasti\u00e1n, se dijo congratulado de recibir al gremio cooperativo, por lo que a nombre de la cooperativa anfitriona agradeci\u00f3 a la Uni\u00f3n de Sociedades Cooperativas la distinci\u00f3n de ser sede del encuentro con el que buscan patentizar el compromiso social que tienen con la comunidad.<br \/>Le\u00f3n Sebasti\u00e1n resalt\u00f3 que los trabajadores ven reflejado su esfuerzo el patrimonio familiar y el fortalecimiento de las cooperativa que participan en el progreso de la econom\u00eda nacional, pues defienden su fuerza laboral, erradicando la explotaci\u00f3n del hombre por el hombre.<br \/>Dijo que el crecimiento del n\u00facleo cooperativo, es gracias a la responsabilidad y hermandad que los une y que su crecimiento ha redundado por los apoyos incondicionales de la cooperativa La Cruz Azul al ser la que les marca de organizaci\u00f3n, con desarrollo y progreso.<br \/>Record\u00f3 que la Cooperativa Bomintzha es fruto del esfuerzo de sus fundadores quienes nunca desmayaron en su af\u00e1n de mejorar las condiciones de vida y que fueron incansables, dej\u00e1ndoles una empresa viable y en donde sus familias han subsistido con honradez, por lo que se sienten orgulloso de su cooperativa.<br \/>El l\u00edder cooperativista resalt\u00f3 que los panoramas econ\u00f3micos del pa\u00eds no han sido alentadores por las crisis econ\u00f3micas, pero que su esp\u00edritu cooperativo no se ha visto desalentado, sino por el contrario su lucha es m\u00e1s tenaz y m\u00e1s unida, por lo que tienen la ardua tarea de participar en pol\u00edticas de empresa avanzada y fortalecer el mercado \u00a0intercooperativo.<br \/>Hizo votos porque el evento sirva para unir los lazos cooperativos en beneficio del desarrollo integral de las comunidades, adem\u00e1s de que los exhort\u00f3 a ir con la frente en alto y enarbolar la bandera que los representa, la bandera de la uni\u00f3n y orgullo de ser cooperativista.<br \/>Como parte de los discursos cursos hicieron uso de la palabra los l\u00edderes cooperativistas Wilfrido Arroyo Reynoso, Apolinar Ortiz Hern\u00e1ndez, V\u00edctor Manuel Gonz\u00e1lez Romero y Leticia Sebasti\u00e1n Mendoza, quienes coincidieron en se\u00f1alar que las cooperativas han contribuido al logro de los objetivos de desarrollo sostenible para fortalecer y ampliar las asociaciones entre la cooperaci\u00f3n internacional y nacional, promoviendo as\u00ed el lema de \u201cLa Inclusi\u00f3n\u201d, con el que se ve reflejada la filosof\u00eda y doctrina cooperativa, a trav\u00e9s de sus principios y valores humanos con los que se busca contribuir al talento, trabajo y solidaridad.<br \/>Para finalizar las actividades en las que se prendi\u00f3 el fuego a la cooperaci\u00f3n, todos los asistentes estrecharon los lazos de amistad en ameno convivio.<\/p>\n","protected":false},"excerpt":{"rendered":"<p>TULA DE ALLENDE\u00a0<\/p>\n","protected":false},"author":93,"featured_media":0,"comment_status":"open","ping_status":"open","sticky":false,"template":"","format":"standard","meta":{"footnotes":""},"categories":[40],"tags":[],"class_list":["post-43958","post","type-post","status-publish","format-standard","hentry","category-region"],"_links":{"self":[{"href":"https:\/\/plazajuarez.mx\/historico\/wp-json\/wp\/v2\/posts\/43958","targetHints":{"allow":["GET"]}}],"collection":[{"href":"https:\/\/plazajuarez.mx\/historico\/wp-json\/wp\/v2\/posts"}],"about":[{"href":"https:\/\/plazajuarez.mx\/historico\/wp-json\/wp\/v2\/types\/post"}],"author":[{"embeddable":true,"href":"https:\/\/plazajuarez.mx\/historico\/wp-json\/wp\/v2\/users\/93"}],"replies":[{"embeddable":true,"href":"https:\/\/plazajuarez.mx\/historico\/wp-json\/wp\/v2\/comments?post=43958"}],"version-history":[{"count":0,"href":"https:\/\/plazajuarez.mx\/historico\/wp-json\/wp\/v2\/posts\/43958\/revisions"}],"wp:attachment":[{"href":"https:\/\/plazajuarez.mx\/historico\/wp-json\/wp\/v2\/media?parent=43958"}],"wp:term":[{"taxonomy":"category","embeddable":true,"href":"https:\/\/plazajuarez.mx\/historico\/wp-json\/wp\/v2\/categories?post=43958"},{"taxonomy":"post_tag","embeddable":true,"href":"https:\/\/plazajuarez.mx\/historico\/wp-json\/wp\/v2\/tags?post=43958"}],"curies":[{"name":"wp","href":"https:\/\/api.w.org\/{rel}","templated":true}]}}