{"id":43957,"date":"2017-07-03T05:01:14","date_gmt":"2017-07-03T05:01:14","guid":{"rendered":"http:\/\/plazajuarez.mx\/index\/index.php\/2017\/07\/03\/presentan-logros-e-ideales-del-cooperativismo-como-eje-de-desarrollo-mundial\/"},"modified":"2017-07-03T05:01:14","modified_gmt":"2017-07-03T05:01:14","slug":"presentan-logros-e-ideales-del-cooperativismo-como-eje-de-desarrollo-mundial","status":"publish","type":"post","link":"https:\/\/plazajuarez.mx\/historico\/presentan-logros-e-ideales-del-cooperativismo-como-eje-de-desarrollo-mundial\/","title":{"rendered":"Presentan logros e ideales del cooperativismo como eje de desarrollo mundial"},"content":{"rendered":"<p>TULA DE ALLENDE\u00a0<\/p>\n<p>  <!--more-->  <\/p>\n<p>En el marco de la celebraci\u00f3n del D\u00eda Internacional de las Cooperativas, la regidora Leticia Sebasti\u00e1n Mendoza, en su calidad de presidenta de la Comisi\u00f3n Especial de Fomento Cooperativo del Ayuntamiento de Tula, habl\u00f3 de los logros e ideales del cooperativismo como eje de desarrollo municipal, estatal nacional y mundial.<br \/>Sebasti\u00e1n Mendoza quien es tambi\u00e9n miembro de Cooperativa Bomintzha y quien fue la empresa anfitriona de recibir al gremio cooperativo, \u00a0afiliados a la Uni\u00f3n de Sociedades Cooperativas de Actividades Diversas del Estado de Hidalgo, record\u00f3 que el primero de julio de acuerdo a la ONU se celebra el D\u00eda Internacional de las Cooperativas.<br \/>Celebraci\u00f3n que tiene por objetivo aumentar el nivel de concientizaci\u00f3n sobre la actividad de las cooperativas y difundir masivamente los logros del movimiento y los ideales de solidaridad internacional, la eficacia, la igualdad y la paz mundial.<br \/>La mun\u00edcipe precis\u00f3 que el lema para la celebraci\u00f3n en este 2017 fue \u201cLa Inclusi\u00f3n\u201d, para la promoci\u00f3n y el avance de las cooperativas, ya que la inclusi\u00f3n no solo refleja la naturaleza de las empresas cooperativas de enfocarse en las personas, sino que est\u00e1 presente en los principios cooperativos de membres\u00eda abierta, voluntaria y democr\u00e1tica de sus miembros.<br \/>Leticia Sebasti\u00e1n aprovech\u00f3 para felicitar a las cooperativas Ju\u00e1rez por trascender con sus 55 a\u00f1os de logros; a Finagam por su crecimiento financiero permanente; Cuauht\u00e9moc por sus reconocimientos internacionales en la rama del transporte y La Cruz Azul, por ser modelo cooperativo a nivel mundial, entre otras.<br \/>Asegur\u00f3 que las cooperativas son empresas socialmente responsables que fomentan la riqueza con responsabilidad social, creando nuevas fuentes de empleo, por lo que constituyen un motor para generar bienestar en la comunidad donde se desarrollan.<br \/>De ah\u00ed que cooperativismo se considere como el eje de desarrollo de potencial econ\u00f3mico y que prueba de ello es el n\u00facleo cooperativo Cruz Azul, por lo que invit\u00f3 a los cooperativistas a mantenerse unidos y solidarios en el movimiento cooperativo municipal, estatal, nacional y contagiando sus ideales a las sociedad y a las autoridades para que juntos creen las oportunidades para crecer con prosperidad, por lo que reconoci\u00f3 el trabajo del gobernador Omar Fayad Meneses y del alcalde en Tula, Ismael Gadoth Tapia Ben\u00edtez.<br \/>Reitero que las cooperativas seguir\u00e1n siendo part\u00edcipes esenciales de las pol\u00edticas y acciones para el desarrollo de Tula, Hidalgo y M\u00e9xico.<br \/>Finalmente, se\u00f1al\u00f3 que son un tren jalado por una m\u00e1quina azul, cuyo conductor es el director de la cementera La Cruz Azul, Guillermo \u00c1lvarez Cuevas.<\/p>\n","protected":false},"excerpt":{"rendered":"<p>TULA DE ALLENDE\u00a0<\/p>\n","protected":false},"author":93,"featured_media":0,"comment_status":"open","ping_status":"open","sticky":false,"template":"","format":"standard","meta":{"footnotes":""},"categories":[40],"tags":[],"class_list":["post-43957","post","type-post","status-publish","format-standard","hentry","category-region"],"_links":{"self":[{"href":"https:\/\/plazajuarez.mx\/historico\/wp-json\/wp\/v2\/posts\/43957","targetHints":{"allow":["GET"]}}],"collection":[{"href":"https:\/\/plazajuarez.mx\/historico\/wp-json\/wp\/v2\/posts"}],"about":[{"href":"https:\/\/plazajuarez.mx\/historico\/wp-json\/wp\/v2\/types\/post"}],"author":[{"embeddable":true,"href":"https:\/\/plazajuarez.mx\/historico\/wp-json\/wp\/v2\/users\/93"}],"replies":[{"embeddable":true,"href":"https:\/\/plazajuarez.mx\/historico\/wp-json\/wp\/v2\/comments?post=43957"}],"version-history":[{"count":0,"href":"https:\/\/plazajuarez.mx\/historico\/wp-json\/wp\/v2\/posts\/43957\/revisions"}],"wp:attachment":[{"href":"https:\/\/plazajuarez.mx\/historico\/wp-json\/wp\/v2\/media?parent=43957"}],"wp:term":[{"taxonomy":"category","embeddable":true,"href":"https:\/\/plazajuarez.mx\/historico\/wp-json\/wp\/v2\/categories?post=43957"},{"taxonomy":"post_tag","embeddable":true,"href":"https:\/\/plazajuarez.mx\/historico\/wp-json\/wp\/v2\/tags?post=43957"}],"curies":[{"name":"wp","href":"https:\/\/api.w.org\/{rel}","templated":true}]}}