{"id":43956,"date":"2017-07-03T05:00:10","date_gmt":"2017-07-03T05:00:10","guid":{"rendered":"http:\/\/plazajuarez.mx\/index\/index.php\/2017\/07\/03\/joven-de-ixmiquilpan-candidata-a-recibir-premio-nacional-de-la-juventud\/"},"modified":"2017-07-03T05:00:10","modified_gmt":"2017-07-03T05:00:10","slug":"joven-de-ixmiquilpan-candidata-a-recibir-premio-nacional-de-la-juventud","status":"publish","type":"post","link":"https:\/\/plazajuarez.mx\/historico\/joven-de-ixmiquilpan-candidata-a-recibir-premio-nacional-de-la-juventud\/","title":{"rendered":"Joven de Ixmiquilpan, candidata a recibir Premio Nacional de la Juventud"},"content":{"rendered":"<p>IXMIQUILPAN\u00a0 <br \/>* El m\u00e9rito es por el trabajo a favor de sectores vulnerables y comunidades ind\u00edgenas\u00a0<\/p>\n<p>  <!--more-->  <\/p>\n<p>La joven ixmiquilpense, Citlali Sim\u00f3n, se encuentra entre las finalistas para recibir el Premio Nacional de la Juventud, en la categor\u00eda de Compromiso Social, por su amplia trayectoria de trabajo a favor de sectores vulnerables y comunidades ind\u00edgenas. <br \/>Tras la muerte de su padre, Alberto Sim\u00f3n Ramos, Citlali Sim\u00f3n, ha continuado con su legado, a trav\u00e9s de diversos proyectos de vivienda, productivos, fomento de los derechos de los pueblos ind\u00edgenas, asimismo el acceso a las mujeres ind\u00edgenas a las nuevas tecnolog\u00edas. <br \/>A trav\u00e9s de la organizaci\u00f3n civil, Alianza Ind\u00edgena Mexicana (Alidmex) de la cual es su presidenta, ha trabajando en diversos proyectos no solo de Hidalgo, sino de otros estados de la Rep\u00fablica, adem\u00e1s como defensora de derechos humanos. Su participaci\u00f3n en el desarrollo y acceso a los servicios, ha sido siempre en comunidades marginadas principalmente. <br \/>Este fin de semana, ofreci\u00f3 una conferencia de prensa, para anunciar el proceso a la que se ha sometido el premio. Para ser galardonada, la sociedad civil podr\u00e1 participar en la votaci\u00f3n que ha abierto el Instituto Mexicano de la Juventud (IMJ). <br \/>Ah\u00ed, a trav\u00e9s de la Curp, se puede emitir el voto a favor de quien actualmente representa una de las organizaciones civiles m\u00e1s comprometidas con los temas sociales, la cual se mantiene vigente por esta joven que dio continuidad al proyecto de su padre. <br \/>La joven, pidi\u00f3 a la poblaci\u00f3n apoyarla en este proceso, que cerrar\u00e1 el pr\u00f3ximo dos de julio. Es la primera vez que una joven de Ixmiquilpan es candidata a recibir este premio, que representa para ella, un aliciente a su labor social que viene desempe\u00f1ando. <br \/>Organizaciones sociales de Hidalgo, asimismo de otras entidades como Oaxaca, han expresado su apoyo y solidaridad a favor de la joven ind\u00edgena ixmiquilpense, debido a su contribuci\u00f3n a favor de este sector, por impulsar su desarrollo y el empoderamiento de las mujeres. <\/p>\n","protected":false},"excerpt":{"rendered":"<p>IXMIQUILPAN\u00a0 * El m\u00e9rito es por el trabajo a favor de sectores vulnerables y comunidades ind\u00edgenas\u00a0<\/p>\n","protected":false},"author":93,"featured_media":0,"comment_status":"open","ping_status":"open","sticky":false,"template":"","format":"standard","meta":{"footnotes":""},"categories":[40],"tags":[],"class_list":["post-43956","post","type-post","status-publish","format-standard","hentry","category-region"],"_links":{"self":[{"href":"https:\/\/plazajuarez.mx\/historico\/wp-json\/wp\/v2\/posts\/43956","targetHints":{"allow":["GET"]}}],"collection":[{"href":"https:\/\/plazajuarez.mx\/historico\/wp-json\/wp\/v2\/posts"}],"about":[{"href":"https:\/\/plazajuarez.mx\/historico\/wp-json\/wp\/v2\/types\/post"}],"author":[{"embeddable":true,"href":"https:\/\/plazajuarez.mx\/historico\/wp-json\/wp\/v2\/users\/93"}],"replies":[{"embeddable":true,"href":"https:\/\/plazajuarez.mx\/historico\/wp-json\/wp\/v2\/comments?post=43956"}],"version-history":[{"count":0,"href":"https:\/\/plazajuarez.mx\/historico\/wp-json\/wp\/v2\/posts\/43956\/revisions"}],"wp:attachment":[{"href":"https:\/\/plazajuarez.mx\/historico\/wp-json\/wp\/v2\/media?parent=43956"}],"wp:term":[{"taxonomy":"category","embeddable":true,"href":"https:\/\/plazajuarez.mx\/historico\/wp-json\/wp\/v2\/categories?post=43956"},{"taxonomy":"post_tag","embeddable":true,"href":"https:\/\/plazajuarez.mx\/historico\/wp-json\/wp\/v2\/tags?post=43956"}],"curies":[{"name":"wp","href":"https:\/\/api.w.org\/{rel}","templated":true}]}}