{"id":43955,"date":"2017-07-03T04:54:19","date_gmt":"2017-07-03T04:54:19","guid":{"rendered":"http:\/\/plazajuarez.mx\/index\/index.php\/2017\/07\/03\/alemania-b-se-corona-en-confederaciones\/"},"modified":"2017-07-03T04:54:19","modified_gmt":"2017-07-03T04:54:19","slug":"alemania-b-se-corona-en-confederaciones","status":"publish","type":"post","link":"https:\/\/plazajuarez.mx\/historico\/alemania-b-se-corona-en-confederaciones\/","title":{"rendered":"ALEMANIA B SE CORONA EN CONFEDERACIONES"},"content":{"rendered":"<p>#GRANDES CAMPEONES <br \/>\u2022\u00a0\u00a0 \u00a0La &#8220;Roja&#8221; no pudo evitar la ca\u00edda aun cuando, en el papel, luc\u00eda con un equipo m\u00e1s completo\u2028<br \/>\u00a0<br \/>MARCADOR FINAL<br \/>ALEMANIA 1-0 CHILE <\/p>\n<p>  <!--more-->  <\/p>\n<p>\u00a0<br \/>Con un solitario gol de Lars Stindl, la selecci\u00f3n de Alemania venci\u00f3 a su similar de Chile y se alz\u00f3 como campe\u00f3n de la Copa Confederaciones de Rusia 2017.\u00a0\u2028El conjunto teut\u00f3n, quien encar\u00f3 este certamen con un cuadro alterno, logr\u00f3 superar 1-0 al equipo sudamericano por medio de un gol del mediocampista del Borussia M\u00f6nchengladbach, Lars Stindl, al minuto 21 de tiempo corrido tras un error grosero de Marcelo D\u00edaz.<br \/>\u2028La &#8220;Roja&#8221; no pudo evitar la ca\u00edda aun cuando, en el papel, luc\u00eda con un equipo m\u00e1s completo con figuras de la talla de Claudio Bravo, Gary Medel, Jean Beausejour, Eduardo Vargas, Arturo Vidal y el mismo Alexis S\u00e1nchez. Por su parte, el conjunto dirigido por Joachim L\u00f6w logr\u00f3 ganar el primer campeonato de Confederaciones para el futbol alem\u00e1n.<br \/>En el terreno de juego<br \/>Lars Stindl\u00a0aprovech\u00f3 una grav\u00edsima desatenci\u00f3n defensiva de Marcelo D\u00edaz. Timo Werner le rob\u00f3 esf\u00e9rico en los linderos del \u00e1rea y cedi\u00f3 a Stindl quien anot\u00f3 sin portero ante la salida de Claudio Bravo a achicarle a Werner, al minuto 20.<br \/>Antes del gol alem\u00e1n,\u00a0Chile\u00a0tuvo la oportunidad de abrir el marcador en los botines de Alexis S\u00e1nchez y Arturo Vidal.\u00a0Alexis fall\u00f3 una clara\u00a0de frente a Ter Stegen al no impactar bien un esf\u00e9rico, mientras que\u00a0Vidal cruz\u00f3 tiro, pero el arquero del Barcelona tap\u00f3 bien al cerrar su \u00e1ngulo.<br \/>El inicio avasallador de los andinos parec\u00eda una calca de lo que aconteci\u00f3 en el juego de la Fase de Grupos, pero ahora, \u00e9sta Alemania no se vio tan sorprendido, supo recular, reacomodarse y lograr la tenencia la pelota, sobre todo despu\u00e9s del gol de Stindl antes de la mitad del primer lapso.<br \/>Es m\u00e1s, los europeos pudieron aumentar la ventaja antes del descanso por dos goles m\u00e1s, pero ahora la contundencia que tuvieron ante M\u00e9xico no apareci\u00f3, adem\u00e1s de la aparici\u00f3n de Claudio Bravo al fondo.<br \/>En el complemento Chile intent\u00f3, pero los alemanes defendieron muy bien y con gran justicia se convirtieron campeones por primera ocasi\u00f3n en la Copa Confederaciones.<\/p>\n","protected":false},"excerpt":{"rendered":"<p>#GRANDES CAMPEONES \u2022\u00a0\u00a0 \u00a0La &#8220;Roja&#8221; no pudo evitar la ca\u00edda aun cuando, en el papel, luc\u00eda con un equipo m\u00e1s completo\u2028\u00a0MARCADOR FINALALEMANIA 1-0 CHILE<\/p>\n","protected":false},"author":93,"featured_media":0,"comment_status":"open","ping_status":"open","sticky":false,"template":"","format":"standard","meta":{"footnotes":""},"categories":[39],"tags":[],"class_list":["post-43955","post","type-post","status-publish","format-standard","hentry","category-deportiva"],"_links":{"self":[{"href":"https:\/\/plazajuarez.mx\/historico\/wp-json\/wp\/v2\/posts\/43955","targetHints":{"allow":["GET"]}}],"collection":[{"href":"https:\/\/plazajuarez.mx\/historico\/wp-json\/wp\/v2\/posts"}],"about":[{"href":"https:\/\/plazajuarez.mx\/historico\/wp-json\/wp\/v2\/types\/post"}],"author":[{"embeddable":true,"href":"https:\/\/plazajuarez.mx\/historico\/wp-json\/wp\/v2\/users\/93"}],"replies":[{"embeddable":true,"href":"https:\/\/plazajuarez.mx\/historico\/wp-json\/wp\/v2\/comments?post=43955"}],"version-history":[{"count":0,"href":"https:\/\/plazajuarez.mx\/historico\/wp-json\/wp\/v2\/posts\/43955\/revisions"}],"wp:attachment":[{"href":"https:\/\/plazajuarez.mx\/historico\/wp-json\/wp\/v2\/media?parent=43955"}],"wp:term":[{"taxonomy":"category","embeddable":true,"href":"https:\/\/plazajuarez.mx\/historico\/wp-json\/wp\/v2\/categories?post=43955"},{"taxonomy":"post_tag","embeddable":true,"href":"https:\/\/plazajuarez.mx\/historico\/wp-json\/wp\/v2\/tags?post=43955"}],"curies":[{"name":"wp","href":"https:\/\/api.w.org\/{rel}","templated":true}]}}