{"id":43954,"date":"2017-07-03T05:00:27","date_gmt":"2017-07-03T05:00:27","guid":{"rendered":"http:\/\/plazajuarez.mx\/index\/index.php\/2017\/07\/03\/amargo-cuarto-lugar\/"},"modified":"2017-07-03T05:00:27","modified_gmt":"2017-07-03T05:00:27","slug":"amargo-cuarto-lugar","status":"publish","type":"post","link":"https:\/\/plazajuarez.mx\/historico\/amargo-cuarto-lugar\/","title":{"rendered":"AMARGO CUARTO LUGAR"},"content":{"rendered":"<p>#COPA CONFEDERACIONES<br \/>\u00a0 \u2022\u00a0\u00a0 \u00a0Con una alineaci\u00f3n m\u00e1s congruente a la de otros juegos, el Tricolor les jug\u00f3 de t\u00fa a t\u00fa a unos lusitanos m\u00e1s conjuntados sin su estrella Cristiano Ronaldo. A pesar del esfuerzo, el Tri se tuvo que conformar con el cuarto puesto del torneo\u2028<br \/>\u00a0<br \/>MARCADOR FINAL<br \/>M\u00c9XICO 1-2 PORTUGAL <br \/>\u00a0<\/p>\n<p>  <!--more-->  <\/p>\n<p>\u00a0M\u00e9xico termin\u00f3 ayer en cuarto lugar de la Copa Confederaciones al perder en tiempo extra 2-1 ante Portugal.\u2028En tiempo de compensaci\u00f3n Pepe anot\u00f3 el gol que dio la igualada a los lusitanos, y que envi\u00f3 el juego al tiempo suplementario. Un autogol de Luis Neto habr\u00e1 puesto al Tricolor en ventaja.\u2028En el tiempo extra, un penalti cobrado por Adri\u00e9n Silva defini\u00f3 el juego.\u2028Ambos equipos terminaron con diez hombres por la expulsi\u00f3n de Nelson Semedo y Ra\u00fal Jim\u00e9nez.\u2028Juan Carlos Osorio t\u00e9cnico de la selecci\u00f3n nacional tambi\u00e9n se fue expulsado por reclamos a uno de los asistentes.\u00a0\u2028Con una alineaci\u00f3n m\u00e1s congruente a la de otros juegos, el Tricolor le jug\u00f3 de t\u00fa a t\u00fa a unos lusitanos m\u00e1s conjuntados sin su estrella Cristiano Ronaldo, quien abandon\u00f3 la concentraci\u00f3n de su equipo para este juego.\u2028Los porteros fueron las grandes figuras. A los 16\u2019, Guillermo Ochoa detuvo un penalti a Andr\u00e9 Silva cometido por Rafa M\u00e1rquez, pero marcado por el VAR (video \u00e1rbitro asiste).\u2028A los 25\u2019, Rui Patricio con gran lance desvi\u00f3 un cabezazo de Javier Hern\u00e1ndez.<br \/>Por otro lado, &#8211; La rabieta de Juan Carlos Osorio contra los \u00e1rbitros en el Portugal vs. M\u00e9xico se une a otras &#8220;locuras&#8221; que protagonizaron otros t\u00e9cnicos nacionales como Miguel Herrera y Javier Aguirre.\u2028El colombiano le grit\u00f3 en la oreja al cuarto juez, ante la frustraci\u00f3n de ver perder el duelo por el tercer lugar de la Copa Confederaciones ante los lusos. Acci\u00f3n que deriv\u00f3 en su expulsi\u00f3n.\u2028Herrera golpe\u00f3 al narrador Christian Martinoli en 2015, luego de que M\u00e9xico gan\u00f3 la Copa Oro. Esa agresi\u00f3n le cost\u00f3 el puesto al &#8220;Piojo&#8221;.\u2028En 2009, el entonces seleccionador tricolor, Javier Aguirre pate\u00f3 a Ricardo Phillips de Panam\u00e1.<br \/>\u00a0<br \/>Prensa colombiana defiende a Osorio<br \/>Por otra parte, en Colombia, la rabieta de Juan Carlos Osorio contra los \u00e1rbitros del M\u00e9xico-Portugal caus\u00f3 extra\u00f1eza.\u2028&#8221;Nunca lo hab\u00edamos visto tan descompuesto. \u00c9l no es de hablar mucho con los silbantes, pero tiene mucha presi\u00f3n en M\u00e9xico&#8221;, afirma Johnny Guti\u00e9rrez de RCN Radio de Medell\u00edn en entrevista con EL UNIVERSAL.\u2028El periodista colombiano asegura que el seleccionador mexicano tiene poca materia prima, &#8220;ya que las figuras del futbol local son extranjeros&#8221;, adem\u00e1s de que &#8220;M\u00e9xico nunca ha sido una potencia&#8221;.\u2028Juli\u00e1n C\u00e9spedes, de Win Sports Colombia, considera que a Osorio &#8220;se le est\u00e1 crucificando&#8221;, porque &#8220;perdi\u00f3 con el campe\u00f3n de Europa y el campe\u00f3n del mundo&#8221;.<br \/>Siguen las malas noticias para el Tri<br \/>En otro tema, la ilusi\u00f3n de jugar Copa Oro ha quedado atr\u00e1s para el delantero mexicano Alan Pulido quien regresar\u00e1 este lunes a M\u00e9xico con la tristeza de saber que ver\u00e1 la competencia de Concacaf lejos de sus compa\u00f1eros.\u2028&#8221;Me siento triste la verdad. El objetivo era jugar la Copa Oro con todos mis compa\u00f1eros, pero esa ilusi\u00f3n queda atr\u00e1s con mi lesi\u00f3n [fractura h\u00famero derecho]&#8221;, declar\u00f3 el delantero mexicano.\u2028El atacante rojiblanco se perder\u00e1 el arranque del Apertura 2017 con las Chivas, ya que su recuperaci\u00f3n tardar\u00e1 cerca de dos meses y medio. &#8220;Me dijeron que entre dos meses y medio estar\u00e9 listo para regresar. Aunque ver\u00e9 con el doctor de Chivas. Esperemos que sea antes&#8221;, dijo el jugador del Reba\u00f1o.\u2028Alan Pulido desconoce si sanar\u00e1 con o sin operaci\u00f3n. &#8220;Los doctores me recomendaron no operarme, ya que puedo sanar as\u00ed. Llegando a Guadalajara analizar\u00e9 la situaci\u00f3n con el cuerpo m\u00e9dico de Chivas para ver si es necesaria la operaci\u00f3n&#8221;.\u2028Las muestras de apoyo de familiares y amigos han dado \u00e1nimos a Pulido, quien espera ver campeones a sus compa\u00f1eros. &#8220;Me siento tranquilo, desde ayer recib\u00ed muchas muestras de cari\u00f1o. Ya habl\u00e9 tambi\u00e9n con Vergara, Higuera, y Almeyda y se sienten tristes&#8221;.<\/p>\n","protected":false},"excerpt":{"rendered":"<p>#COPA CONFEDERACIONES\u00a0 \u2022\u00a0\u00a0 \u00a0Con una alineaci\u00f3n m\u00e1s congruente a la de otros juegos, el Tricolor les jug\u00f3 de t\u00fa a t\u00fa a unos lusitanos m\u00e1s conjuntados sin su estrella Cristiano Ronaldo. A pesar del esfuerzo, el Tri se tuvo que conformar con el cuarto puesto del torneo\u2028\u00a0MARCADOR FINALM\u00c9XICO 1-2 PORTUGAL \u00a0<\/p>\n","protected":false},"author":93,"featured_media":0,"comment_status":"open","ping_status":"open","sticky":false,"template":"","format":"standard","meta":{"footnotes":""},"categories":[39],"tags":[],"class_list":["post-43954","post","type-post","status-publish","format-standard","hentry","category-deportiva"],"_links":{"self":[{"href":"https:\/\/plazajuarez.mx\/historico\/wp-json\/wp\/v2\/posts\/43954","targetHints":{"allow":["GET"]}}],"collection":[{"href":"https:\/\/plazajuarez.mx\/historico\/wp-json\/wp\/v2\/posts"}],"about":[{"href":"https:\/\/plazajuarez.mx\/historico\/wp-json\/wp\/v2\/types\/post"}],"author":[{"embeddable":true,"href":"https:\/\/plazajuarez.mx\/historico\/wp-json\/wp\/v2\/users\/93"}],"replies":[{"embeddable":true,"href":"https:\/\/plazajuarez.mx\/historico\/wp-json\/wp\/v2\/comments?post=43954"}],"version-history":[{"count":0,"href":"https:\/\/plazajuarez.mx\/historico\/wp-json\/wp\/v2\/posts\/43954\/revisions"}],"wp:attachment":[{"href":"https:\/\/plazajuarez.mx\/historico\/wp-json\/wp\/v2\/media?parent=43954"}],"wp:term":[{"taxonomy":"category","embeddable":true,"href":"https:\/\/plazajuarez.mx\/historico\/wp-json\/wp\/v2\/categories?post=43954"},{"taxonomy":"post_tag","embeddable":true,"href":"https:\/\/plazajuarez.mx\/historico\/wp-json\/wp\/v2\/tags?post=43954"}],"curies":[{"name":"wp","href":"https:\/\/api.w.org\/{rel}","templated":true}]}}