{"id":43951,"date":"2017-07-03T04:51:30","date_gmt":"2017-07-03T04:51:30","guid":{"rendered":"http:\/\/plazajuarez.mx\/index\/index.php\/2017\/07\/03\/anuncian-suspension-de-novilladas-en-cinco-villas\/"},"modified":"2017-07-03T04:51:30","modified_gmt":"2017-07-03T04:51:30","slug":"anuncian-suspension-de-novilladas-en-cinco-villas","status":"publish","type":"post","link":"https:\/\/plazajuarez.mx\/historico\/anuncian-suspension-de-novilladas-en-cinco-villas\/","title":{"rendered":"ANUNCIAN SUSPENSI\u00d3N DE NOVILLADAS EN CINCO VILLAS"},"content":{"rendered":"<p>#ENTRE EL CALLEJ\u00d3N Y EL TENDIDO<br \/>\u00a0\u00a0 \u00a0\u2022\u00a0\u00a0 \u00a0Luis Marco Sirvent, propietario y promotor, junto con su se\u00f1ora esposa, Lucero Dom\u00ednguez, del Cortijo Cinco Villas, anunci\u00f3 la suspensi\u00f3n de festejos novilleriles en ese bello escenario\u2028<\/p>\n<p>  <!--more-->  <\/p>\n<p>Estimados Amigos, con el placer de siempre salud\u00e1ndolos desde este espacio de Plaza Ju\u00e1rez. Con tristeza hemos recibido el anuncio de que el Empresario Luis Marco Sirvent, propietario del Cortijo Cinco Villas, ubicado en Santiago Cuautlalpan, Municipio de Texcoco, ha decidido no seguir dando novilladas, ante la serie de problemas que viene enfrentando como promotor taurino, por parte, no lo va Usted a creer, de organizaciones taurinas y Autoridades gubernamentales.<br \/>Luis Marco inaugur\u00f3 el espl\u00e9ndido escenario que es el Cortijo Cinco Villas, el 26 de noviembre de 2011, con un festival internacional en el que actuaron, los espa\u00f1oles Manuel Caballero y Sergio Aguilar, con los nacionales Joselito Adame y Arturo Mac\u00edas, lidiando toros de Jos\u00e9 Mar\u00eda Arturo Huerta; para posteriormente echarse a cuestas la dif\u00edcil y costosa tarea de organizar novilladas, \u00fanicamente novilladas, en su coso, anunciando a j\u00f3venes con cualidades de destacar en el Arte de Cuchares, buscando fortalecer el relevo generacional de la baraja taurina mexicana.<br \/>La pauta marcada por Lu\u00eds Marco, fue que en Cinco Villas la Fiesta Brava recuperara su dignidad y grandeza, fomentando sus valores, tradici\u00f3n y cultura; pero sobre todo un espacio en donde los j\u00f3venes novilleros tuvieran la oportunidad que en otros escenarios se les ha negado, eso s\u00ed, lidiando novillos- toros, con trap\u00edo, edad y, peso reglamentario, pero sobre todo que no les costar\u00e1 un solo peso a los j\u00f3venes verse anunciados en Cinco Villas.<br \/>Por otra parte, lo m\u00e1s loable de la labor emprendida por los Marco Dom\u00ednguez ha sido el hecho de que la entrada a los festejos taurinos fue gratuita, solamente se solicitaba a los asistentes la aportaci\u00f3n de dos kilos de granos de primera necesidad, arroz, frijol, etc., con los que los Luis Marco y familia apoyaban a la Casa Hogar \u201cDivina Providencia\u201d de San Vicente Chicoloapan, a cargo de la Madre Mar\u00eda In\u00e9s Valdivia Gonz\u00e1lez, en la que se atiende a ni\u00f1os desamparados y con capacidades diferentes. De esta manera en Cinco Villas se hac\u00eda fiesta aportando medios para la manutenci\u00f3n de un buen n\u00famero de ni\u00f1os que no tienen m\u00e1s familia que a la Madre Mar\u00eda In\u00e9s.<br \/>Sin embargo el esfuerzo de Luis Marco Sirvet ha incomodado a alguien o algunos \u201ctaurinos\u201d, al grado de que se le han venido poniendo obst\u00e1culos para la organizaci\u00f3n<br \/>de las novilladas, lo que ha originado esta dr\u00e1stica decisi\u00f3n. El anuncio lo hizo el propio Luis Marco el pasado d\u00eda 29 de junio en un evento en el que se present\u00f3 a los novilleros anunciados en la \u00faltima novillada, celebrada el pasado s\u00e1bado primero de julio, se\u00f1alando que, en primer t\u00e9rmino la Asociaci\u00f3n Nacional de Matadores de Toros y Novillos, Rejoneadores y Similares, se opuso terminantemente a que el festejo se llevara a cabo con dos toreros extranjeros y solamente un nacional, toda vez que estaban anunciados el venezolano Jes\u00fas Colombo, triunfador de Madrid, Marcos de Espa\u00f1a y Francisco Mart\u00ednez de Guanajuato, sin embargo al publicitarse dicho cartel, el Comit\u00e9 Directivo de la Asociaci\u00f3n de Matadores, que integran los diestros Oscar San Rom\u00e1n, Enrique Fraga, Joselito Adame, Ignacio Garibay, Arturo Mac\u00edas, Octavio Garc\u00eda, Ferm\u00edn Rivera, Diego Silveti, Arturo Sald\u00edvar, Sergio Flores, Juan Luis Silis y Jorge Delijorge, se opon\u00eda terminantemente a autorizar dicho cartel, \u201cen apoyo a nuestros incipientes toreros,para que m\u00e1s r\u00e1pido tengan oportunidad de desarrollar su capacidad taurina\u201d, agregando que \u201cUna de las misiones importantes de nuestra instituci\u00f3n sindical, es la fraternidad entre sus agremiados y entre todos traducir esta uni\u00f3n en que nuestra fiesta de toros, toreros y aficionados siempre est\u00e9 creciendo\u201d; as\u00ed las cosas a fin de no suspender el festejo se incluy\u00f3 al hidroc\u00e1lido Jos\u00e9 Mar\u00eda Pastor en el cartel lo que represent\u00f3 para la empresa la compra de dos ejemplares m\u00e1s.<br \/>Indudablemente es loable la postura de la Asociaci\u00f3n Nacional de Matadores, si contin\u00faa con esa pol\u00edtica sindical la fiesta seguridad creciendo en M\u00e9xico, mire Usted logr\u00f3 un puesto para un novillero y el cierre de un escenario taurino serio, que estaba dando temporadas regulares de novilladas en los \u00faltimos a\u00f1os.<br \/>Lo parad\u00f3jico de la decisi\u00f3n, que al decir de Luis Marco en la conferencia de prensa, estuvo avalada por el Matador Joselito Adame, y dem\u00e1s integrantes del Comit\u00e9 Directivo, es que el d\u00eda anterior en Soria Espa\u00f1a actuaron dos novilleros mexicanos con un solo espa\u00f1ol y precisamente fue el hermano del Matador Adame, Alejandro, que comparti\u00f3 cartel con Arturo Gilio Jr y Carlos Jord\u00e1n, en la lidia de novillos de Laura Velasco, tarde en la que los mexicanos salieron a hombros.<br \/>Qu\u00e9 est\u00e1 pasando en M\u00e9xico, a Luis Marco Sirvent los ganaderos sistem\u00e1ticamente le negaron toros, las autoridades buscan pretextos para vetar la el Cinco Villas, algunos \u201cperiodistas\u201d taurinos se disgustan con \u00e9l y escriben en su contra por \u201cno contar con sus favores\u201d, y los toreros se ponen m\u00e1s papistas que el papa, bendito sindicalismo.<br \/>Los ni\u00f1os de la \u201cCasa Hogar Divina Providencia\u201d de alguna manera, estoy seguro, seguir\u00e1n contando con el apoyo incondicional de la familia Marco Dom\u00ednguez. Me preocupan los novilleros mexicanos que se han quedado hu\u00e9rfanos, por lo menos en Santiago Cuautlalpan.<br \/>Por ah\u00ed nos vemos ENTRE EL CALLEJ\u00d3N Y EL TENDIDO si Dios lo permite.<br \/>\u00a0<\/p>\n","protected":false},"excerpt":{"rendered":"<p>#ENTRE EL CALLEJ\u00d3N Y EL TENDIDO\u00a0\u00a0 \u00a0\u2022\u00a0\u00a0 \u00a0Luis Marco Sirvent, propietario y promotor, junto con su se\u00f1ora esposa, Lucero Dom\u00ednguez, del Cortijo Cinco Villas, anunci\u00f3 la suspensi\u00f3n de festejos novilleriles en ese bello escenario\u2028<\/p>\n","protected":false},"author":93,"featured_media":0,"comment_status":"open","ping_status":"open","sticky":false,"template":"","format":"standard","meta":{"footnotes":""},"categories":[39],"tags":[],"class_list":["post-43951","post","type-post","status-publish","format-standard","hentry","category-deportiva"],"_links":{"self":[{"href":"https:\/\/plazajuarez.mx\/historico\/wp-json\/wp\/v2\/posts\/43951","targetHints":{"allow":["GET"]}}],"collection":[{"href":"https:\/\/plazajuarez.mx\/historico\/wp-json\/wp\/v2\/posts"}],"about":[{"href":"https:\/\/plazajuarez.mx\/historico\/wp-json\/wp\/v2\/types\/post"}],"author":[{"embeddable":true,"href":"https:\/\/plazajuarez.mx\/historico\/wp-json\/wp\/v2\/users\/93"}],"replies":[{"embeddable":true,"href":"https:\/\/plazajuarez.mx\/historico\/wp-json\/wp\/v2\/comments?post=43951"}],"version-history":[{"count":0,"href":"https:\/\/plazajuarez.mx\/historico\/wp-json\/wp\/v2\/posts\/43951\/revisions"}],"wp:attachment":[{"href":"https:\/\/plazajuarez.mx\/historico\/wp-json\/wp\/v2\/media?parent=43951"}],"wp:term":[{"taxonomy":"category","embeddable":true,"href":"https:\/\/plazajuarez.mx\/historico\/wp-json\/wp\/v2\/categories?post=43951"},{"taxonomy":"post_tag","embeddable":true,"href":"https:\/\/plazajuarez.mx\/historico\/wp-json\/wp\/v2\/tags?post=43951"}],"curies":[{"name":"wp","href":"https:\/\/api.w.org\/{rel}","templated":true}]}}