{"id":4383,"date":"2015-04-27T05:00:00","date_gmt":"2015-04-27T05:00:00","guid":{"rendered":"http:\/\/plazajuarez.mx\/index\/index.php\/2015\/04\/27\/somerhalder-se-caso\/"},"modified":"2015-04-27T05:00:00","modified_gmt":"2015-04-27T05:00:00","slug":"somerhalder-se-caso","status":"publish","type":"post","link":"https:\/\/plazajuarez.mx\/historico\/somerhalder-se-caso\/","title":{"rendered":"Somerhalder se cas\u00f3"},"content":{"rendered":"<p>Ian Somerhalder se cas\u00f3 con Nikki Reed, actriz con la que mantiene una relaci\u00f3n sentimental desde el a\u00f1o pasado. Seg\u00fan &#8220;People&#8221;, la boda del protagonista de &#8220;The Vampire Diaries&#8221; y la figura de &#8220;Crep\u00fasculo&#8221; ser realiz\u00f3 el domingo en Malib\u00fa, California.<\/p>\n<p>  <!--more-->  <\/p>\n<p>\u00a0<\/p>\n<p>Si bien la ceremonia fue en estricto privado y solo con la presencia de familiares y amigos cercanos, algunos medios lograron acceder a los exteriores del lugar y tomar algunas fotograf\u00edas de la pareja que anunci\u00f3 su compromiso en enero.<\/p>\n<p>En su cuenta de Twitter, el tambi\u00e9n protagonista de la recordada serie &#8220;Lost&#8221; public\u00f3 un rom\u00e1ntico mensaje. &#8220;La ma\u00f1ana m\u00e1s linda de todas&#8221;, escribi\u00f3 Ian Somerhade, quien hasta hace un tiempo estuvo con Nina Dobrev, ex compa\u00f1era de reparto en &#8220;The Vampire Diaries&#8221;.<\/p>\n<p>\u00a0<\/p>\n","protected":false},"excerpt":{"rendered":"<p>Ian Somerhalder se cas\u00f3 con Nikki Reed, actriz con la que mantiene una relaci\u00f3n sentimental desde el a\u00f1o pasado. Seg\u00fan &#8220;People&#8221;, la boda del protagonista de &#8220;The Vampire Diaries&#8221; y la figura de &#8220;Crep\u00fasculo&#8221; ser realiz\u00f3 el domingo en Malib\u00fa, California.<\/p>\n","protected":false},"author":93,"featured_media":0,"comment_status":"open","ping_status":"open","sticky":false,"template":"","format":"standard","meta":{"footnotes":""},"categories":[38],"tags":[],"class_list":["post-4383","post","type-post","status-publish","format-standard","hentry","category-show"],"_links":{"self":[{"href":"https:\/\/plazajuarez.mx\/historico\/wp-json\/wp\/v2\/posts\/4383","targetHints":{"allow":["GET"]}}],"collection":[{"href":"https:\/\/plazajuarez.mx\/historico\/wp-json\/wp\/v2\/posts"}],"about":[{"href":"https:\/\/plazajuarez.mx\/historico\/wp-json\/wp\/v2\/types\/post"}],"author":[{"embeddable":true,"href":"https:\/\/plazajuarez.mx\/historico\/wp-json\/wp\/v2\/users\/93"}],"replies":[{"embeddable":true,"href":"https:\/\/plazajuarez.mx\/historico\/wp-json\/wp\/v2\/comments?post=4383"}],"version-history":[{"count":0,"href":"https:\/\/plazajuarez.mx\/historico\/wp-json\/wp\/v2\/posts\/4383\/revisions"}],"wp:attachment":[{"href":"https:\/\/plazajuarez.mx\/historico\/wp-json\/wp\/v2\/media?parent=4383"}],"wp:term":[{"taxonomy":"category","embeddable":true,"href":"https:\/\/plazajuarez.mx\/historico\/wp-json\/wp\/v2\/categories?post=4383"},{"taxonomy":"post_tag","embeddable":true,"href":"https:\/\/plazajuarez.mx\/historico\/wp-json\/wp\/v2\/tags?post=4383"}],"curies":[{"name":"wp","href":"https:\/\/api.w.org\/{rel}","templated":true}]}}