{"id":4382,"date":"2015-04-27T05:00:00","date_gmt":"2015-04-27T05:00:00","guid":{"rendered":"http:\/\/plazajuarez.mx\/index\/index.php\/2015\/04\/27\/pitt-sorprende-con-moreton\/"},"modified":"2015-04-27T05:00:00","modified_gmt":"2015-04-27T05:00:00","slug":"pitt-sorprende-con-moreton","status":"publish","type":"post","link":"https:\/\/plazajuarez.mx\/historico\/pitt-sorprende-con-moreton\/","title":{"rendered":"Pitt sorprende con moret\u00f3n"},"content":{"rendered":"<p>Brad Pitt sorprendi\u00f3 en su m\u00e1s reciente aparici\u00f3n p\u00fablica al aparecer con un moret\u00f3n en la parte inferior del ojo izquierdo.<\/p>\n<p>  <!--more-->  <\/p>\n<p>\u00a0<\/p>\n<p>En la gala Light Up the Blues Concert, a favor de los ni\u00f1os con autismo, realizada el fin de semana en Los \u00c1ngeles, el actor explic\u00f3 que, pese a todo, no pensaba perderse el evento.<\/p>\n<p>&#8220;A pesar de todo esto, no pensaba perderme este evento de beneficio y la posibilidad de poder compartir con gente maravillosa&#8221;, dijo.<\/p>\n<p>Explic\u00f3 que el moret\u00f3n se debi\u00f3 a un accidente que sufri\u00f3 en unas escaleras.<\/p>\n<p>&#8220;Esto es lo que ocurre cuanto tratas de bajar las escaleras con las manos ocupadas y vistiendo sandalias. Si intentas detener el impulso yendo con la cara hacia adelante, esto es lo que pasar\u00e1&#8221;, dijo.<\/p>\n<p>Ratificando su compromiso con las causas nobles, Brad Pitt compr\u00f3 una guitarra marca Fender de 23 mil que se subast\u00f3 en el evento.<\/p>\n","protected":false},"excerpt":{"rendered":"<p>Brad Pitt sorprendi\u00f3 en su m\u00e1s reciente aparici\u00f3n p\u00fablica al aparecer con un moret\u00f3n en la parte inferior del ojo izquierdo.<\/p>\n","protected":false},"author":93,"featured_media":0,"comment_status":"open","ping_status":"open","sticky":false,"template":"","format":"standard","meta":{"footnotes":""},"categories":[38],"tags":[],"class_list":["post-4382","post","type-post","status-publish","format-standard","hentry","category-show"],"_links":{"self":[{"href":"https:\/\/plazajuarez.mx\/historico\/wp-json\/wp\/v2\/posts\/4382","targetHints":{"allow":["GET"]}}],"collection":[{"href":"https:\/\/plazajuarez.mx\/historico\/wp-json\/wp\/v2\/posts"}],"about":[{"href":"https:\/\/plazajuarez.mx\/historico\/wp-json\/wp\/v2\/types\/post"}],"author":[{"embeddable":true,"href":"https:\/\/plazajuarez.mx\/historico\/wp-json\/wp\/v2\/users\/93"}],"replies":[{"embeddable":true,"href":"https:\/\/plazajuarez.mx\/historico\/wp-json\/wp\/v2\/comments?post=4382"}],"version-history":[{"count":0,"href":"https:\/\/plazajuarez.mx\/historico\/wp-json\/wp\/v2\/posts\/4382\/revisions"}],"wp:attachment":[{"href":"https:\/\/plazajuarez.mx\/historico\/wp-json\/wp\/v2\/media?parent=4382"}],"wp:term":[{"taxonomy":"category","embeddable":true,"href":"https:\/\/plazajuarez.mx\/historico\/wp-json\/wp\/v2\/categories?post=4382"},{"taxonomy":"post_tag","embeddable":true,"href":"https:\/\/plazajuarez.mx\/historico\/wp-json\/wp\/v2\/tags?post=4382"}],"curies":[{"name":"wp","href":"https:\/\/api.w.org\/{rel}","templated":true}]}}