{"id":4381,"date":"2015-04-27T05:00:00","date_gmt":"2015-04-27T05:00:00","guid":{"rendered":"http:\/\/plazajuarez.mx\/index\/index.php\/2015\/04\/27\/justicia-cotidiana-fuera-del-alcance-de-la-mayoria-reconoce-pena\/"},"modified":"2015-04-27T05:00:00","modified_gmt":"2015-04-27T05:00:00","slug":"justicia-cotidiana-fuera-del-alcance-de-la-mayoria-reconoce-pena","status":"publish","type":"post","link":"https:\/\/plazajuarez.mx\/historico\/justicia-cotidiana-fuera-del-alcance-de-la-mayoria-reconoce-pena\/","title":{"rendered":"Justicia cotidiana, fuera del alcance  de la mayor\u00eda, reconoce Pe\u00f1a"},"content":{"rendered":"<p>M\u00e9xico, DF.- El presidente Enrique Pe\u00f1a Nieto reconoci\u00f3 que la justicia cotidiana, la del d\u00eda a d\u00eda, est\u00e1 fuera del alcance de la mayor\u00eda\u00a0 de los mexicanos. Es necesario revertir esta situaci\u00f3n para renovar el pacto social y recuperar la confianza en la ley y las instituciones.<\/p>\n<p>  <!--more-->  <\/p>\n<p>\u00a0<\/p>\n<p>Durante la presentaci\u00f3n del Informe y propuestas sobre justicia cotidiana en M\u00e9xico, elaborado por el Centro de Investigaci\u00f3n y Docencia Econ\u00f3micas (CIDE), una de las medidas anunciadas en el dec\u00e1logo federal por la paz, la unidad y la justicia en M\u00e9xico el 27 de noviembre pasado, el mandatario dijo que la falta de acceso a la justicia es un problema a\u00f1ejo y en los foros quedo claro que la &#8220;sociedad no se resigna ante las injusticias. \u00a1Qu\u00e9 bueno que el impulso transformador llegue a todos los \u00e1mbitos!&#8221;.<\/p>\n<p>En el museo de Antropolog\u00eda, ante el jefe de gobierno del Distrito Federal, Miguel \u00c1ngel Mancera, el presidente de la CNDH, Luis Ra\u00fal Gonz\u00e1lez P\u00e9rez, acad\u00e9micos y representantes de organizaciones, el director del CIDE, autor del informe, Sergio L\u00f3pez, entreg\u00f3 el reporte y se\u00f1al\u00f3 que es la base de una pol\u00edtica nacional de acceso a la justicia con los temas de la creaci\u00f3n de centros de asistencia jur\u00eddica temprana para una defensor\u00eda p\u00fablica vigorosa, regular el ejercicio de abogados, revisar el funcionamiento de las juntas locales de conciliaci\u00f3n y arbitraje y revisar la justicia militar.<\/p>\n<p>Tambi\u00e9n plante\u00f3 20 acciones para un plan de acci\u00f3n inmediato, entre ellas que se coordine una estrategia de comunicaci\u00f3n para crear una cultura de derechos; que la SFP y la Consejer\u00eda Jur\u00eddica encabecen medidas que faciliten la soluci\u00f3n de conflictos con las administraciones; que la Profeco priorice un sistema nacional de protecci\u00f3n al consumidor, en el que se ampl\u00ede el uso de tecnolog\u00edas de informaci\u00f3n; que se adopten medidas que garanticen los derechos de las trabajadoras dom\u00e9sticas; que se fortalezcan los programas coordinados por el INM, la SEP y la SRE, para garantizar la reinserci\u00f3n de los migrantes en sus comunidades (atenci\u00f3n en los sistemas de educaci\u00f3n y salud).<\/p>\n<p>Tambi\u00e9n se propone crear un mecanismo de coordinaci\u00f3n nacional para impartidores de justicia y mejorar las condiciones de operaci\u00f3n de los sistemas de justicia federal y estatales; asi como Llevar a cabo medidas para reducir la marginaci\u00f3n jur\u00eddica (condici\u00f3n de la persona que no cuenta con documentos oficiales, como acta de estado civil, t\u00edtulos de propiedad o testamento, entre otros).<\/p>\n<p>Antes de iniciar el evento en el patio del Museo de Antropolog\u00eda, se vinieron abajo dos de las mamparas ubicadas detr\u00e1s del presidium. Ya estaban en sus lugares el presidente de la Comisi\u00f3n Nacional de los Derechos Humanos, Luis Ra\u00fal Gonz\u00e1lez P\u00e9rez, el director general del Instituto Mexicano para la Competitividad, Juan Ernesto Pardinas Carpizo, y otros acad\u00e9micos. (Agencias)<\/p>\n","protected":false},"excerpt":{"rendered":"<p>M\u00e9xico, DF.- El presidente Enrique Pe\u00f1a Nieto reconoci\u00f3 que la justicia cotidiana, la del d\u00eda a d\u00eda, est\u00e1 fuera del alcance de la mayor\u00eda\u00a0 de los mexicanos. Es necesario revertir esta situaci\u00f3n para renovar el pacto social y recuperar la confianza en la ley y las instituciones.<\/p>\n","protected":false},"author":93,"featured_media":0,"comment_status":"open","ping_status":"open","sticky":false,"template":"","format":"standard","meta":{"footnotes":""},"categories":[36],"tags":[],"class_list":["post-4381","post","type-post","status-publish","format-standard","hentry","category-nacion"],"_links":{"self":[{"href":"https:\/\/plazajuarez.mx\/historico\/wp-json\/wp\/v2\/posts\/4381","targetHints":{"allow":["GET"]}}],"collection":[{"href":"https:\/\/plazajuarez.mx\/historico\/wp-json\/wp\/v2\/posts"}],"about":[{"href":"https:\/\/plazajuarez.mx\/historico\/wp-json\/wp\/v2\/types\/post"}],"author":[{"embeddable":true,"href":"https:\/\/plazajuarez.mx\/historico\/wp-json\/wp\/v2\/users\/93"}],"replies":[{"embeddable":true,"href":"https:\/\/plazajuarez.mx\/historico\/wp-json\/wp\/v2\/comments?post=4381"}],"version-history":[{"count":0,"href":"https:\/\/plazajuarez.mx\/historico\/wp-json\/wp\/v2\/posts\/4381\/revisions"}],"wp:attachment":[{"href":"https:\/\/plazajuarez.mx\/historico\/wp-json\/wp\/v2\/media?parent=4381"}],"wp:term":[{"taxonomy":"category","embeddable":true,"href":"https:\/\/plazajuarez.mx\/historico\/wp-json\/wp\/v2\/categories?post=4381"},{"taxonomy":"post_tag","embeddable":true,"href":"https:\/\/plazajuarez.mx\/historico\/wp-json\/wp\/v2\/tags?post=4381"}],"curies":[{"name":"wp","href":"https:\/\/api.w.org\/{rel}","templated":true}]}}