{"id":4380,"date":"2015-04-27T05:00:00","date_gmt":"2015-04-27T05:00:00","guid":{"rendered":"http:\/\/plazajuarez.mx\/index\/index.php\/2015\/04\/27\/el-desempleo-se-ubico-en-4-2-en-marzo-inegi\/"},"modified":"2015-04-27T05:00:00","modified_gmt":"2015-04-27T05:00:00","slug":"el-desempleo-se-ubico-en-4-2-en-marzo-inegi","status":"publish","type":"post","link":"https:\/\/plazajuarez.mx\/historico\/el-desempleo-se-ubico-en-4-2-en-marzo-inegi\/","title":{"rendered":"El desempleo se ubic\u00f3 en 4.2% en marzo: Inegi"},"content":{"rendered":"<p>M\u00e9xico, D.F.- La Encuesta Nacional de Ocupaci\u00f3n y Empleo realizada en marzo de 2015 revel\u00f3 que la tasa de personas sin empleo a nivel nacional se ubic\u00f3 en 4.2 por ciento, lo que representa un descenso de apenas 0.2 por ciento respecto a febrero de este mismo a\u00f1o.<\/p>\n<p>  <!--more-->  <\/p>\n<p>\u00a0<\/p>\n<p>El Instituto Nacional de Estad\u00edstica y Geograf\u00eda se\u00f1al\u00f3 que la cantidad de poblaci\u00f3n econ\u00f3micamente activa (PEA) en M\u00e9xico descendi\u00f3 0.9 por ciento en marzo pasado, cuando se registr\u00f3 que el 59.3 por ciento de la poblaci\u00f3n de 15 a\u00f1os y m\u00e1s est\u00e1 en esa condici\u00f3n contra el 60.2 por ciento observada en marzo de 2014.<\/p>\n<p>Las cifras del Inegi se\u00f1alan que en marzo de este a\u00f1o 96.1 por ciento de la PEA estuvo ocupada, pero de ellos el 7.5 por ciento fueron ubicados como subocupados ya que manifestaron tener necesidad y disponibilidad de trabajar m\u00e1s horas. (Agencias)<\/p>\n","protected":false},"excerpt":{"rendered":"<p>M\u00e9xico, D.F.- La Encuesta Nacional de Ocupaci\u00f3n y Empleo realizada en marzo de 2015 revel\u00f3 que la tasa de personas sin empleo a nivel nacional se ubic\u00f3 en 4.2 por ciento, lo que representa un descenso de apenas 0.2 por ciento respecto a febrero de este mismo a\u00f1o.<\/p>\n","protected":false},"author":93,"featured_media":0,"comment_status":"open","ping_status":"open","sticky":false,"template":"","format":"standard","meta":{"footnotes":""},"categories":[36],"tags":[],"class_list":["post-4380","post","type-post","status-publish","format-standard","hentry","category-nacion"],"_links":{"self":[{"href":"https:\/\/plazajuarez.mx\/historico\/wp-json\/wp\/v2\/posts\/4380","targetHints":{"allow":["GET"]}}],"collection":[{"href":"https:\/\/plazajuarez.mx\/historico\/wp-json\/wp\/v2\/posts"}],"about":[{"href":"https:\/\/plazajuarez.mx\/historico\/wp-json\/wp\/v2\/types\/post"}],"author":[{"embeddable":true,"href":"https:\/\/plazajuarez.mx\/historico\/wp-json\/wp\/v2\/users\/93"}],"replies":[{"embeddable":true,"href":"https:\/\/plazajuarez.mx\/historico\/wp-json\/wp\/v2\/comments?post=4380"}],"version-history":[{"count":0,"href":"https:\/\/plazajuarez.mx\/historico\/wp-json\/wp\/v2\/posts\/4380\/revisions"}],"wp:attachment":[{"href":"https:\/\/plazajuarez.mx\/historico\/wp-json\/wp\/v2\/media?parent=4380"}],"wp:term":[{"taxonomy":"category","embeddable":true,"href":"https:\/\/plazajuarez.mx\/historico\/wp-json\/wp\/v2\/categories?post=4380"},{"taxonomy":"post_tag","embeddable":true,"href":"https:\/\/plazajuarez.mx\/historico\/wp-json\/wp\/v2\/tags?post=4380"}],"curies":[{"name":"wp","href":"https:\/\/api.w.org\/{rel}","templated":true}]}}