{"id":43758,"date":"2017-06-29T04:49:10","date_gmt":"2017-06-29T04:49:10","guid":{"rendered":"http:\/\/plazajuarez.mx\/index\/index.php\/2017\/06\/29\/nombran-a-martha-lopez-rios-nueva-coordinadora-del-cap\/"},"modified":"2017-06-29T04:49:10","modified_gmt":"2017-06-29T04:49:10","slug":"nombran-a-martha-lopez-rios-nueva-coordinadora-del-cap","status":"publish","type":"post","link":"https:\/\/plazajuarez.mx\/historico\/nombran-a-martha-lopez-rios-nueva-coordinadora-del-cap\/","title":{"rendered":"Nombran a Martha L\u00f3pez R\u00edos nueva coordinadora del CAP"},"content":{"rendered":"<p>EN EL CAP <br \/>En pr\u00f3ximos d\u00edas dar\u00e1n a conocer la fecha para la toma de protesta <\/p>\n<p>  <!--more-->  <\/p>\n<p>El coordinador en turno del Congreso Agrario Permanente (CAP), Juan Carlos Ram\u00edrez D\u00edaz, inform\u00f3 que ya fue nombrada la nueva coordinaci\u00f3n de dicha agrupaci\u00f3n de organizaciones campesinas, aunque est\u00e1n \u00a0la espera de que se establezca una fecha para que se haga la toma de protesta correspondiente y con esto comience el trabajo la nueva dirigencia.<\/p>\n<p>En este sentido adelant\u00f3 que la nueva coordinaci\u00f3n del CAP, estar\u00e1 encabezada por Martha L\u00f3pez R\u00edos, dirigente estatal de la Uni\u00f3n Nacional de Trabajadores Agr\u00edcolas (UNTA), Marco Antonio Rico Mercado \u00a0de la \u00a0Coalici\u00f3n de Organizaciones Democr\u00e1ticas, Urbanas y Campesinas (CODUC) ser\u00e1 el secretario t\u00e9cnico y Adri\u00e1n Aguilar Garc\u00eda, dirigente del Consejo Nacional de Sociedades y Unidades con Campesinos y Colonos (Consucc) el secretario de actas.<\/p>\n<p>En tanto que Juan Carlos Ram\u00edrez D\u00edaz dirigente estatal de la Central Campesina Cardenista (CCC), \u00a0quien actualmente a\u00fan coordina los trabajos del CAP, fue nombrado secretario de desarrollo agropecuario dentro del organismo, a fin de que pueda dar continuidad con el trabajo en torno al rescate y preservaci\u00f3n del ma\u00edz criollo en Hidalgo.<\/p>\n<p>Cabe destacar que el CAP tiene renovaci\u00f3n de coordinaci\u00f3n cada seis meses, sin embargo el dirigente de la CCC se mantuvo en el cargo desde el pasado 19 de julio, y en entrevista explic\u00f3 que fueron varios los factores que permitieron esta situaci\u00f3n, entre esta el proceso electoral, el cambio de gobierno y otros que hicieron que se prolongara la gesti\u00f3n.<\/p>\n<p>Finalmente coment\u00f3 que con el cambio de gobierno estatal, el CAP tuvo que reiniciar los acercamientos con todas las dependencias a fin de continuar el trabajo de gesti\u00f3n a favor de los agremiados a cada una de las 14 organizaciones que conforman el Congreso Agrario Permanente.<\/p>\n","protected":false},"excerpt":{"rendered":"<p>EN EL CAP En pr\u00f3ximos d\u00edas dar\u00e1n a conocer la fecha para la toma de protesta<\/p>\n","protected":false},"author":93,"featured_media":0,"comment_status":"open","ping_status":"open","sticky":false,"template":"","format":"standard","meta":{"footnotes":""},"categories":[59],"tags":[],"class_list":["post-43758","post","type-post","status-publish","format-standard","hentry","category-general"],"_links":{"self":[{"href":"https:\/\/plazajuarez.mx\/historico\/wp-json\/wp\/v2\/posts\/43758","targetHints":{"allow":["GET"]}}],"collection":[{"href":"https:\/\/plazajuarez.mx\/historico\/wp-json\/wp\/v2\/posts"}],"about":[{"href":"https:\/\/plazajuarez.mx\/historico\/wp-json\/wp\/v2\/types\/post"}],"author":[{"embeddable":true,"href":"https:\/\/plazajuarez.mx\/historico\/wp-json\/wp\/v2\/users\/93"}],"replies":[{"embeddable":true,"href":"https:\/\/plazajuarez.mx\/historico\/wp-json\/wp\/v2\/comments?post=43758"}],"version-history":[{"count":0,"href":"https:\/\/plazajuarez.mx\/historico\/wp-json\/wp\/v2\/posts\/43758\/revisions"}],"wp:attachment":[{"href":"https:\/\/plazajuarez.mx\/historico\/wp-json\/wp\/v2\/media?parent=43758"}],"wp:term":[{"taxonomy":"category","embeddable":true,"href":"https:\/\/plazajuarez.mx\/historico\/wp-json\/wp\/v2\/categories?post=43758"},{"taxonomy":"post_tag","embeddable":true,"href":"https:\/\/plazajuarez.mx\/historico\/wp-json\/wp\/v2\/tags?post=43758"}],"curies":[{"name":"wp","href":"https:\/\/api.w.org\/{rel}","templated":true}]}}