{"id":43751,"date":"2017-06-29T04:43:31","date_gmt":"2017-06-29T04:43:31","guid":{"rendered":"http:\/\/plazajuarez.mx\/index\/index.php\/2017\/06\/29\/crimen-suelto\/"},"modified":"2017-06-29T04:43:31","modified_gmt":"2017-06-29T04:43:31","slug":"crimen-suelto","status":"publish","type":"post","link":"https:\/\/plazajuarez.mx\/historico\/crimen-suelto\/","title":{"rendered":"Crimen Suelto"},"content":{"rendered":"<p>Vitral Pol\u00edtico<br \/>Las reformas de la marihuana se petrificaron, en tanto que las modificaciones legales relativas a la seguridad interior y de mando mixto policial, as\u00ed como la de centros penitenciarios se quedaron en la nada.<\/p>\n<p>  <!--more-->  <\/p>\n<p>La inseguridad p\u00fablica cobra aliento, y lo que se crey\u00f3 que era un territorio con baja acci\u00f3n del crimen, la Ciudad de M\u00e9xico, ha quedado incluida en la geograf\u00eda del delito, incluido el Estado de M\u00e9xico. El alto grado de impunidad, casi absoluta, agobia a la gente.<br \/>Incluso la Universidad Nacional Aut\u00f3noma de M\u00e9xico (UNAM), en su campus de la Ciudad Universitaria, est\u00e1 afectada por vendedores de droga. Los intereses de los delincuentes han penetrado el pa\u00eds, los sectores, y su expansi\u00f3n ha sido mayor en la \u00faltima d\u00e9cada.<br \/>Fracasan las pol\u00edticas de seguridad p\u00fablica, de desarrollo social, y las instituciones fracasan en el intento de abrir salidas, como autorizar en la ley el uso personal de drogas con fines de entretenimiento.<br \/>El Congreso aprob\u00f3 reformas para el uso medicinal de la marihuana, pero se qued\u00f3 pendiente poner en la ley que la yerba pueda ser consumida libremente, sin que ello lleve a la c\u00e1rcel a sus consumidores. Se deber\u00eda resolver qui\u00e9n y c\u00f3mo la producir\u00e1, transportar\u00e1 y comerciar\u00e1.<br \/>Las reformas de la marihuana se petrificaron, en tanto que las modificaciones legales relativas a la seguridad interior y de mando mixto policial, as\u00ed como la de centros penitenciarios se quedaron en la nada.<br \/>Mientras, el crimen anda suelto sin probabilidades de recibir castigo&#8230;<br \/>LUZ.&#8211; El senador panista Roberto Gil Zurth va al grano y dice que un Frente Amplio para derrocar al PRI debe ser encabezado por el PAN, y eso &#8220;no deber\u00eda estar en duda, (pues) somos el partido que est\u00e1 arriba en las preferencias electorales&#8230;<br \/>VITRAL SOCIAL&#8211; En el 01 800 553 3000, la CNDH toma denuncia de violaciones a derechos humanos\u2026<\/p>\n","protected":false},"excerpt":{"rendered":"<p>Vitral Pol\u00edticoLas reformas de la marihuana se petrificaron, en tanto que las modificaciones legales relativas a la seguridad interior y de mando mixto policial, as\u00ed como la de centros penitenciarios se quedaron en la nada.<\/p>\n","protected":false},"author":93,"featured_media":0,"comment_status":"open","ping_status":"open","sticky":false,"template":"","format":"standard","meta":{"footnotes":""},"categories":[42],"tags":[],"class_list":["post-43751","post","type-post","status-publish","format-standard","hentry","category-nuestrapalabra"],"_links":{"self":[{"href":"https:\/\/plazajuarez.mx\/historico\/wp-json\/wp\/v2\/posts\/43751","targetHints":{"allow":["GET"]}}],"collection":[{"href":"https:\/\/plazajuarez.mx\/historico\/wp-json\/wp\/v2\/posts"}],"about":[{"href":"https:\/\/plazajuarez.mx\/historico\/wp-json\/wp\/v2\/types\/post"}],"author":[{"embeddable":true,"href":"https:\/\/plazajuarez.mx\/historico\/wp-json\/wp\/v2\/users\/93"}],"replies":[{"embeddable":true,"href":"https:\/\/plazajuarez.mx\/historico\/wp-json\/wp\/v2\/comments?post=43751"}],"version-history":[{"count":0,"href":"https:\/\/plazajuarez.mx\/historico\/wp-json\/wp\/v2\/posts\/43751\/revisions"}],"wp:attachment":[{"href":"https:\/\/plazajuarez.mx\/historico\/wp-json\/wp\/v2\/media?parent=43751"}],"wp:term":[{"taxonomy":"category","embeddable":true,"href":"https:\/\/plazajuarez.mx\/historico\/wp-json\/wp\/v2\/categories?post=43751"},{"taxonomy":"post_tag","embeddable":true,"href":"https:\/\/plazajuarez.mx\/historico\/wp-json\/wp\/v2\/tags?post=43751"}],"curies":[{"name":"wp","href":"https:\/\/api.w.org\/{rel}","templated":true}]}}