{"id":43390,"date":"2017-06-22T12:04:12","date_gmt":"2017-06-22T12:04:12","guid":{"rendered":"http:\/\/plazajuarez.mx\/index\/index.php\/2017\/06\/22\/hidalgo-sera-sede-del-congreso-y-campeonato-charro-2017\/"},"modified":"2017-06-22T12:04:12","modified_gmt":"2017-06-22T12:04:12","slug":"hidalgo-sera-sede-del-congreso-y-campeonato-charro-2017","status":"publish","type":"post","link":"https:\/\/plazajuarez.mx\/historico\/hidalgo-sera-sede-del-congreso-y-campeonato-charro-2017\/","title":{"rendered":"Hidalgo ser\u00e1 sede del congreso y Campeonato Charro 2017"},"content":{"rendered":"<p>Esperan una derrama econ\u00f3mica de alrededor de 190 millones de pesos<\/p>\n<p>  <!--more-->  <\/p>\n<p>Ayer el gobernador del estado, Omar Fayad Meneses realiz\u00f3 la firma del Cuaderno de Compromisos del Congreso y Campeonato Nacional Charro 2017 junto con la Federaci\u00f3n Mexicana de Charrer\u00eda, con lo que se asent\u00f3 que el campeonato y congreso nacional se realizar\u00e1n en Hidalgo del ocho al 26 de noviembre del a\u00f1o en curso.<br \/>\u00a0<br \/>Por lo anterior el mandatario estatal, se\u00f1al\u00f3 que se espera una afluencia de alrededor de 50 mil visitantes los primeros 14 d\u00edas mientras que los cinco d\u00edas restantes se tiene contemplado la llegada de 30 mil visitantes, lo que asegur\u00f3 \u201cser\u00e1 una oportunidad para el sector de servicios en Hidalgo\u201d, a fin de que puedan atender y ofertar sus productos a los visitantes.<br \/>\u00a0<br \/>Adem\u00e1s de que con la llegada a Pachuca de visitantes de todas partes del pa\u00eds, adem\u00e1s de las 76 asociaciones charras que se tienen en Hidalgo se espera una ocupaci\u00f3n hotelera del 100 por ciento adem\u00e1s de una derrama econ\u00f3mica de alrededor de 190 millones de pesos, por lo que asever\u00f3 que se continuar\u00e1 el trabajo con la federaci\u00f3n charra, ya que Hidalgo ha sido considerado como la \u201cCuna de la charrer\u00eda\u201d, y por ende no podr\u00eda dejar pasar un evento de tal magnitud.<br \/>\u00a0<br \/>De igual forma, el mandatario estatal hizo un llamado a la poblaci\u00f3n para que los visitantes puedan disfrutar de las bellezas naturales, la gastronom\u00eda y la calidez de la gente. En tanto refrend\u00f3 su compromiso con la gran familia charra a fin de continuar el trabajo en torno de poner muy en alto las tradiciones de la entidad.<br \/>\u00a0<br \/>\u201cGracias a estos eventos, el turismo crece en Hidalgo y deja consigo una derrama econ\u00f3mica considerable para beneficio de cientos de familias hidalguenses. Con este evento esperamos a miles de familias que vendr\u00e1n a disfrutar de las bellezas de nuestro estado\u201d, dijo.<br \/>\u00a0<br \/>Finalmente dio la bienvenida al presidente de la Federaci\u00f3n Mexicana de Charrer\u00eda, Leonardo D\u00e1vila Salinas, y refrend\u00f3 nuevamente el compromiso del estado con el ya considerado deporte nacional de M\u00e9xico, a fin de continuar el evento con la toma de la fotograf\u00eda oficial y posteriormente la degustaci\u00f3n de los alimentos.<\/p>\n","protected":false},"excerpt":{"rendered":"<p>Esperan una derrama econ\u00f3mica de alrededor de 190 millones de pesos<\/p>\n","protected":false},"author":93,"featured_media":0,"comment_status":"open","ping_status":"open","sticky":false,"template":"","format":"standard","meta":{"footnotes":""},"categories":[59],"tags":[],"class_list":["post-43390","post","type-post","status-publish","format-standard","hentry","category-general"],"_links":{"self":[{"href":"https:\/\/plazajuarez.mx\/historico\/wp-json\/wp\/v2\/posts\/43390","targetHints":{"allow":["GET"]}}],"collection":[{"href":"https:\/\/plazajuarez.mx\/historico\/wp-json\/wp\/v2\/posts"}],"about":[{"href":"https:\/\/plazajuarez.mx\/historico\/wp-json\/wp\/v2\/types\/post"}],"author":[{"embeddable":true,"href":"https:\/\/plazajuarez.mx\/historico\/wp-json\/wp\/v2\/users\/93"}],"replies":[{"embeddable":true,"href":"https:\/\/plazajuarez.mx\/historico\/wp-json\/wp\/v2\/comments?post=43390"}],"version-history":[{"count":0,"href":"https:\/\/plazajuarez.mx\/historico\/wp-json\/wp\/v2\/posts\/43390\/revisions"}],"wp:attachment":[{"href":"https:\/\/plazajuarez.mx\/historico\/wp-json\/wp\/v2\/media?parent=43390"}],"wp:term":[{"taxonomy":"category","embeddable":true,"href":"https:\/\/plazajuarez.mx\/historico\/wp-json\/wp\/v2\/categories?post=43390"},{"taxonomy":"post_tag","embeddable":true,"href":"https:\/\/plazajuarez.mx\/historico\/wp-json\/wp\/v2\/tags?post=43390"}],"curies":[{"name":"wp","href":"https:\/\/api.w.org\/{rel}","templated":true}]}}