{"id":43389,"date":"2017-06-22T12:03:47","date_gmt":"2017-06-22T12:03:47","guid":{"rendered":"http:\/\/plazajuarez.mx\/index\/index.php\/2017\/06\/22\/reganan-a-los-diputados-del-pri-dicen-en-el-pan\/"},"modified":"2017-06-22T12:03:47","modified_gmt":"2017-06-22T12:03:47","slug":"reganan-a-los-diputados-del-pri-dicen-en-el-pan","status":"publish","type":"post","link":"https:\/\/plazajuarez.mx\/historico\/reganan-a-los-diputados-del-pri-dicen-en-el-pan\/","title":{"rendered":"Rega\u00f1an a los diputados del PRI, dicen en el PAN"},"content":{"rendered":"<p>No los dejan subir temas y cuando lo hacen, los rega\u00f1an y se niegan a firmar las minutas de acuerdo<br \/>Tal fue el caso de la propuesta en torno a prohibir la propaganda pol\u00edtica en el transporte p\u00fablico<br \/>Asael Hern\u00e1ndez Cer\u00f3n pondr\u00e1 su voto de confianza en la mesa pol\u00edtica de Hidalgo<\/p>\n<p>  <!--more-->  <\/p>\n<p>\u00a0<br \/>En conferencia de prensa el diputado coordinador del grupo parlamentario del Partido Acci\u00f3n Nacional (PAN), Luis Ba\u00f1os G\u00f3mez, se\u00f1al\u00f3 que en el congreso local se tienen acuerdos que posteriormente, a rega\u00f1os que les hacen a los diputados del Partido Revolucionario Institucional (PRI), se vienen abajo, como fue la propuesta en torno a prohibir la propaganda pol\u00edtica en el transporte p\u00fablico.<br \/>\u00a0<br \/>El legislador explic\u00f3 que la iniciativa fue presentada por su compa\u00f1era de partido, Mariana Bautista de Jes\u00fas, con presencia de cinco de ocho diputados que integran la Comisi\u00f3n de voto a favor, sin embargo, dijo \u201ca los compa\u00f1eros del PRI los rega\u00f1aron y nos pidieron que esper\u00e1ramos la mesa pol\u00edtica para abordar el tema, y cuando quisimos subirla al pleno resulta que los diputados no quisieron firmar el acuerdo\u201d.<br \/>\u00a0<br \/>Por lo anterior, el dirigente estatal del PAN en Hidalgo, Asael Hern\u00e1ndez Cer\u00f3n, se\u00f1al\u00f3 que lo se debe dejar a un lado que \u201cdesde siempre los diputados del partido oficial no tienen autonom\u00eda, pero que s\u00ed est\u00e1n en una mesa pol\u00edtica donde el secretario de Gobierno, Sim\u00f3n Vargas Aguilar, tiene permiso del gobernador, todo llegar\u00e1 al Congreso acordado y se tendr\u00e1 que aprobar\u201d, dijo.<br \/>\u00a0<br \/>De igual forma, Hern\u00e1ndez Cer\u00f3n inform\u00f3 que fueron 10 puntos los que propuso el albiazul en la mesa pol\u00edtica instalada en el estado, entre los que destacan temas de participaci\u00f3n de j\u00f3venes, paridad de g\u00e9nero y la petici\u00f3n para que se tenga un mecanismo concreto para la elecci\u00f3n de diputados plurinominales de las listas a y b, as\u00ed como el retiro de la propaganda pol\u00edtica del transporte p\u00fablico.<br \/>\u00a0<br \/>Finalmente, asever\u00f3 que no ser\u00e1n el partido que s\u00f3lo vaya a ver c\u00f3mo avanzan los trabajos y se da salida a las propuestas que haga el partido oficial, ya que asegur\u00f3 que en caso de que se d\u00e9 este tipo de situaci\u00f3n, el PAN abandonar\u00e1 la mesa de acuerdos y har\u00e1 lo propio a fin de garantizar que las propuestas integradas tengan repercusi\u00f3n en el c\u00f3digo electoral.<\/p>\n","protected":false},"excerpt":{"rendered":"<p>No los dejan subir temas y cuando lo hacen, los rega\u00f1an y se niegan a firmar las minutas de acuerdoTal fue el caso de la propuesta en torno a prohibir la propaganda pol\u00edtica en el transporte p\u00fablicoAsael Hern\u00e1ndez Cer\u00f3n pondr\u00e1 su voto de confianza en la mesa pol\u00edtica de Hidalgo<\/p>\n","protected":false},"author":93,"featured_media":0,"comment_status":"open","ping_status":"open","sticky":false,"template":"","format":"standard","meta":{"footnotes":""},"categories":[59],"tags":[],"class_list":["post-43389","post","type-post","status-publish","format-standard","hentry","category-general"],"_links":{"self":[{"href":"https:\/\/plazajuarez.mx\/historico\/wp-json\/wp\/v2\/posts\/43389","targetHints":{"allow":["GET"]}}],"collection":[{"href":"https:\/\/plazajuarez.mx\/historico\/wp-json\/wp\/v2\/posts"}],"about":[{"href":"https:\/\/plazajuarez.mx\/historico\/wp-json\/wp\/v2\/types\/post"}],"author":[{"embeddable":true,"href":"https:\/\/plazajuarez.mx\/historico\/wp-json\/wp\/v2\/users\/93"}],"replies":[{"embeddable":true,"href":"https:\/\/plazajuarez.mx\/historico\/wp-json\/wp\/v2\/comments?post=43389"}],"version-history":[{"count":0,"href":"https:\/\/plazajuarez.mx\/historico\/wp-json\/wp\/v2\/posts\/43389\/revisions"}],"wp:attachment":[{"href":"https:\/\/plazajuarez.mx\/historico\/wp-json\/wp\/v2\/media?parent=43389"}],"wp:term":[{"taxonomy":"category","embeddable":true,"href":"https:\/\/plazajuarez.mx\/historico\/wp-json\/wp\/v2\/categories?post=43389"},{"taxonomy":"post_tag","embeddable":true,"href":"https:\/\/plazajuarez.mx\/historico\/wp-json\/wp\/v2\/tags?post=43389"}],"curies":[{"name":"wp","href":"https:\/\/api.w.org\/{rel}","templated":true}]}}