{"id":43388,"date":"2017-06-22T12:03:03","date_gmt":"2017-06-22T12:03:03","guid":{"rendered":"http:\/\/plazajuarez.mx\/index\/index.php\/2017\/06\/22\/toda-esa-experiencia-es-lo-que-vale-mucho-con-lo-que-tenemos-vamos-a-levantar-marco-antonio-flores-gonzalez\/"},"modified":"2017-06-22T12:03:03","modified_gmt":"2017-06-22T12:03:03","slug":"toda-esa-experiencia-es-lo-que-vale-mucho-con-lo-que-tenemos-vamos-a-levantar-marco-antonio-flores-gonzalez","status":"publish","type":"post","link":"https:\/\/plazajuarez.mx\/historico\/toda-esa-experiencia-es-lo-que-vale-mucho-con-lo-que-tenemos-vamos-a-levantar-marco-antonio-flores-gonzalez\/","title":{"rendered":"\u201cToda esa experiencia es lo que vale mucho, con lo que tenemos, vamos a levantar\u201d: Marco Antonio Flores Gonz\u00e1lez"},"content":{"rendered":"<p>REPORTAJE CUARTA Y \u00daLTIMA PARTE <br \/>Proyectos alternos abonar\u00e1n al impulso del Centro<br \/>Necesario techumbre de pista, voluntarios y equipos de protecci\u00f3n<br \/>CEEUPP abierto al apoyo de la poblaci\u00f3n, dependencias e instituciones<\/p>\n<p>  <!--more-->  <\/p>\n<p>A pesar del posible panorama gris que se puede vislumbrar en el CEEUPP, principalmente econ\u00f3mico, la demanda de cerca de 300 ni\u00f1os y j\u00f3venes que buscan una oportunidad para realizar su rehabilitaci\u00f3n, el apoyo incondicional de los familiares de pacientes, la terquedad del equipo del centro por levantarlo y posicionarlo; y el an\u00e1lisis de opciones para consolidarlo, por parte del rector de la Universidad Polit\u00e9cnica de Pachuca, Marco Antonio Flores Gonz\u00e1lez, son razones suficientes para seguir luchando por este proyecto, que ha dado nuevas oportunidades a ni\u00f1os y familias que ven en la equinoterapia un rayo de esperanza.<br \/>Consolidar el \u00e1rea de equinoterapia como un centro certificador<br \/>\u00a0\u201cNos dimos cuenta que lo que nunca perdimos fueron\u00a0 los especialistas en equinoterapia, ellos siguen con el mismo dinamismo y \u00e1nimo, a trav\u00e9s de sus ideas hemos visualizado ser\u00a0 un centro de equinoterapia certificador, que nuestro centro con ese c\u00famulo de experiencia, pueda certificar a otros centros de la regi\u00f3n o del pa\u00eds\u201d, se\u00f1al\u00f3 Flores Gonz\u00e1lez.<br \/>Puntualiz\u00f3, que la difusi\u00f3n ser\u00e1 un arma importante para dar a conocer al mundo m\u00e9dico y a los esc\u00e9pticos, que la terapia a trav\u00e9s de los caballos es una alternativa viable para la rehabilitaci\u00f3n de los pacientes con alguna discapacidad.<br \/>\u201cHace falta que todo esos pacientes den testimonio de su rehabilitaci\u00f3n, y en un segundo plano que esos pacientes sean valorados desde un punto de vista cl\u00ednico y demostrar\u00a0 que fueron rehabilitados\u201d<br \/>Agreg\u00f3 que el costo de la terapia ser\u00e1 modificado, aunque no impactar\u00e1 el bolsillo de los beneficiarios, pues la misi\u00f3n es continuar con el proyecto como impacto social, \u201cmodificaremos un poco los conceptos de precio porque esa parte nos est\u00e1 impactando,\u00a0 pero no ser\u00e1 un precio elevado, ser\u00e1 una adecuaci\u00f3n\u201d; y buscar\u00e1n recursos para la modificaci\u00f3n de la infraestructura, principalmente la techumbre, tan necesaria para el desarrollo de las terapias, debido a las inclemencias del tiempo.<br \/>Con ayuda de la comunidad universitaria y docente; proyectos colaterales fortalecer\u00e1n el Centro Ecuestre y de Equinoterapia<br \/>Flores Gonz\u00e1lez, cit\u00f3 dentro de los proyectos alternos para apoyo del centro, la generaci\u00f3n de biofertilizantes y lombricomposta; temas que abonar\u00e1n a la sustentabilidad de \u00e9sta \u00e1rea tan sensible, pero a su vez costosa.<br \/>\u201cTenemos los residuos de los\u00a0 excrementos de los animales, ahora encontramos un proyecto en donde a partir de ese material org\u00e1nico de residuo vamos a generar biofertilizantes, as\u00ed tambi\u00e9n integramos el conocimiento de nuestros propios acad\u00e9micos investigadores\u201d, dijo.<br \/>Asimismo se\u00f1al\u00f3, \u201cHay un proyecto piloto, ya est\u00e1 instalado, el de lombricomposta en donde quiz\u00e1 la remuneraci\u00f3n econ\u00f3mica no sea fuerte, pero al menos ya estamos haciendo algo ecol\u00f3gicamente sustentable\u201d.<br \/>Adem\u00e1s del proyecto de generaci\u00f3n de alimento org\u00e1nico verde para alimentaci\u00f3n de los caballos, \u201ctenemos el invernadero, se tiene que producir forraje\u201d.<br \/>El rector de la casa de estudios enfatiz\u00f3 que estos proyectos adem\u00e1s de ser impulsados por el \u00e1rea acad\u00e9mica, ser\u00e1n ejecutados por el equipo de equinoterapia, \u201cMismo personal, m\u00e1s trabajo, hay un compromiso muy fuerte de ellos, quieren seguir beneficiando a la sociedad, que esta universidad siga teniendo esa imagen; la econom\u00eda\u00a0 est\u00e1 al l\u00edmite, pero no por eso dejamos de trabajar, el compromiso de los compa\u00f1eros de equinoterapia es invertir m\u00e1s tiempo, toda esa\u00a0 experiencia es lo que vale mucho y con lo que tenemos vamos a levantar\u201d.<br \/>Comprobar efectividad de la terapia y sumar beneficios a pacientes, origen de dos proyectos m\u00e1s<br \/>Por su parte Carolina, responsable del CEEUPP\u00a0 y Juan Carlos encargado del manejo zoot\u00e9cnico de los caballos y coordinador de terapias, ambos equinoterapeutas y so\u00f1adores, sumaron dos proyectos, el primero enfocado a comprobar que la terapia es exitosa y el segundo en beneficio directo de los pacientes.<br \/>Respecto al primer punto, manifestaron que la UPP en coordinaci\u00f3n con la carrera de biom\u00e9dica est\u00e1n dise\u00f1ando un aparato que permite medir los impulsos cerebrales al momento de estar montado en el caballo; \u201cLa UPP est\u00e1 trabajando en ese tema de comprobar m\u00e9dica y cient\u00edficamente que funciona y se obtienen resultados, el mes que entra comenzamos con nuevas pruebas con aparatos que realiza la UPP\u201d<br \/>Mientras que el segundo plan consiste en la creaci\u00f3n de espacios para impartir talleres que contribuyan a fortalecer la rehabilitaci\u00f3n y el autoempleo; \u201chay un momento\u00a0 en donde ya no los aceptan en ning\u00fan lado y ya no tienen actividad, cualquier persona que deja de tener actividad atrofia todo, m\u00fasculos y mentes, si ellos no contin\u00faan\u00a0 la rehabilitaci\u00f3n habr\u00e1 retroceso\u2026 buscamos consolidar talleres de oficios donde se les pueda ense\u00f1ar para que comiencen a producir, para venderlo y que comiencen a ser productivos\u201d<br \/>Equinoterapia, buscar\u00e1 apoyo en dependencias gubernamentales y organizaciones<br \/>Finalmente el rector, Marco Antonio Flores Gonz\u00e1lez asever\u00f3, \u201cSi nosotros llevamos este proyecto y lo volvemos a replantear con el DIF y CRIH (Centro de Rehabilitaci\u00f3n Integral Hidalgo), seguramente tendremos una vinculaci\u00f3n\u00a0 y espero\u00a0 que si lo hacemos en equipo, haya una aportaci\u00f3n de ellos para el centro para comenzar a formular las colaboraciones, que ser\u00e1n importantes\u201d, se\u00f1al\u00f3.<br \/>Detall\u00f3 que el trabajo en equipo es un factor fundamental para alcanzar y consolidar grandes proyectos, como el de Equinoterapia, por lo anterior, invit\u00f3 a unirse al gran sue\u00f1o de tener un espacio que sea referente de atenci\u00f3n, solidaridad, calidez humana y esperanza para ni\u00f1os y j\u00f3venes que requieren de esta rehabilitaci\u00f3n.<br \/>A\u00f1adi\u00f3, \u201cHay muchos organismos preocupados por la salud p\u00fablica, por la comunidad en general, organismos, asociaciones o fundaciones que pudieran interesarse en dar un impacto social\u00a0 conjuntamente con la Universidad, estaremos abiertos a vincularlos, colaborar y tener una proyecci\u00f3n conjunta\u201d<br \/>Asimismo Carolina y Juan Carlos, invitaron a la poblaci\u00f3n a conocerlos y si est\u00e1 en sus posibilidades apoyar en este gran anhelo, \u201cla poblaci\u00f3n puede acercarse y conocer lo que hacemos, estamos aceptando voluntarios que quieran ayudarnos y aprender, con horas pagan la capacitaci\u00f3n\u2026 tambi\u00e9n se puede aportar desde alimento para los caballos, hasta cemento para el techo, pisos, construcci\u00f3n y lo que sea que puede ayudar, bienvenido\u201d<br \/>Finalmente reiteraron la invitaci\u00f3n a conocer de la terapia y comprobar que funciona, \u201cantes de crear o formar un juicio sobre la actividad, que es uno de los problemas que tenemos, no est\u00e1 muy aceptada por toda el \u00e1rea m\u00e9dica, ser\u00eda bueno conocer el centro, est\u00e1 abierto para que sepan que no es una vueltecita de caballo, es de verdad una terapia y de verdad rehabilita y de verdad hay resultados, y hay como comprobarlo\u201d.<\/p>\n","protected":false},"excerpt":{"rendered":"<p>REPORTAJE CUARTA Y \u00daLTIMA PARTE Proyectos alternos abonar\u00e1n al impulso del CentroNecesario techumbre de pista, voluntarios y equipos de protecci\u00f3nCEEUPP abierto al apoyo de la poblaci\u00f3n, dependencias e instituciones<\/p>\n","protected":false},"author":93,"featured_media":0,"comment_status":"open","ping_status":"open","sticky":false,"template":"","format":"standard","meta":{"footnotes":""},"categories":[59],"tags":[],"class_list":["post-43388","post","type-post","status-publish","format-standard","hentry","category-general"],"_links":{"self":[{"href":"https:\/\/plazajuarez.mx\/historico\/wp-json\/wp\/v2\/posts\/43388","targetHints":{"allow":["GET"]}}],"collection":[{"href":"https:\/\/plazajuarez.mx\/historico\/wp-json\/wp\/v2\/posts"}],"about":[{"href":"https:\/\/plazajuarez.mx\/historico\/wp-json\/wp\/v2\/types\/post"}],"author":[{"embeddable":true,"href":"https:\/\/plazajuarez.mx\/historico\/wp-json\/wp\/v2\/users\/93"}],"replies":[{"embeddable":true,"href":"https:\/\/plazajuarez.mx\/historico\/wp-json\/wp\/v2\/comments?post=43388"}],"version-history":[{"count":0,"href":"https:\/\/plazajuarez.mx\/historico\/wp-json\/wp\/v2\/posts\/43388\/revisions"}],"wp:attachment":[{"href":"https:\/\/plazajuarez.mx\/historico\/wp-json\/wp\/v2\/media?parent=43388"}],"wp:term":[{"taxonomy":"category","embeddable":true,"href":"https:\/\/plazajuarez.mx\/historico\/wp-json\/wp\/v2\/categories?post=43388"},{"taxonomy":"post_tag","embeddable":true,"href":"https:\/\/plazajuarez.mx\/historico\/wp-json\/wp\/v2\/tags?post=43388"}],"curies":[{"name":"wp","href":"https:\/\/api.w.org\/{rel}","templated":true}]}}