{"id":43185,"date":"2017-06-19T13:25:20","date_gmt":"2017-06-19T13:25:20","guid":{"rendered":"http:\/\/plazajuarez.mx\/index\/index.php\/2017\/06\/19\/pide-mexico-a-eu-no-bloquear-acero-nacional\/"},"modified":"2017-06-19T13:25:20","modified_gmt":"2017-06-19T13:25:20","slug":"pide-mexico-a-eu-no-bloquear-acero-nacional","status":"publish","type":"post","link":"https:\/\/plazajuarez.mx\/historico\/pide-mexico-a-eu-no-bloquear-acero-nacional\/","title":{"rendered":"Pide M\u00e9xico a EU no  bloquear acero nacional"},"content":{"rendered":"<p>\u00a0<\/p>\n<p>\u00a0<\/p>\n<p>CIUDAD DE M\u00c9XICO.- Los gobiernos de M\u00e9xico y Estados Unidos viven un nuevo round en materia comercial: el conflicto por el acero. Ante la posibilidad de que el gobierno de Donald Trump cierre la puerta a las importaciones de sider\u00fargicas por cuestiones de \u201cseguridad nacional\u201d, la autoridad mexicana advirti\u00f3 que las exportaciones del producto no son riesgosas, inseguras y no amenazan a la planta productiva de su principal socio comercial.<\/p>\n<p>  <!--more-->  <\/p>\n<p>El problema comenz\u00f3 en abril pasado cuando el presidente de EU emiti\u00f3 un memor\u00e1ndum ejecutivo en el que pidi\u00f3 al Departamento de Comercio iniciar una investigaci\u00f3n para determinar si las importaciones de acero vulneran la seguridad nacional de ese pa\u00eds, al ser un producto \u201ccr\u00edtico tanto para la econom\u00eda como para el aparato militar\u201d, porque seg\u00fan su consideraci\u00f3n, no se puede depender de las importaciones.<br \/>De acuerdo con la secci\u00f3n 232 de la Ley de Expansi\u00f3n Comercial, se pueden frenar las importaciones de acero de los pa\u00edses que son proveedores de EU, incluso de M\u00e9xico, si se decide que afecta la seguridad nacional. Fuentes del sector se\u00f1alan que la decisi\u00f3n puede conocerse en los pr\u00f3ximos d\u00edas.<br \/>Hace unos d\u00edas, la Secretar\u00eda de Econom\u00eda pidi\u00f3 al gobierno de Trump, mediante una misiva, realizar una investigaci\u00f3n cuidadosa y objetiva que determine de manera directa la liga que tienen las importaciones de acero con amenaza a la seguridad de Estados Unidos.<br \/>Desde la perspectiva de M\u00e9xico, cualquier medida que se quiera aplicar con la seguridad nacional y que incluya al acero mexicano \u201cpodr\u00eda da\u00f1ar la integraci\u00f3n de la industria acerera de Norteam\u00e9rica y de los consumidores que dependen de ella\u201d.<\/p>\n","protected":false},"excerpt":{"rendered":"<p>\u00a0 \u00a0 CIUDAD DE M\u00c9XICO.- Los gobiernos de M\u00e9xico y Estados Unidos viven un nuevo round en materia comercial: el conflicto por el acero. Ante la posibilidad de que el gobierno de Donald Trump cierre la puerta a las importaciones de sider\u00fargicas por cuestiones de \u201cseguridad nacional\u201d, la autoridad mexicana advirti\u00f3 que las exportaciones del [&hellip;]<\/p>\n","protected":false},"author":3,"featured_media":0,"comment_status":"open","ping_status":"open","sticky":false,"template":"","format":"standard","meta":{"footnotes":""},"categories":[36],"tags":[],"class_list":["post-43185","post","type-post","status-publish","format-standard","hentry","category-nacion"],"_links":{"self":[{"href":"https:\/\/plazajuarez.mx\/historico\/wp-json\/wp\/v2\/posts\/43185","targetHints":{"allow":["GET"]}}],"collection":[{"href":"https:\/\/plazajuarez.mx\/historico\/wp-json\/wp\/v2\/posts"}],"about":[{"href":"https:\/\/plazajuarez.mx\/historico\/wp-json\/wp\/v2\/types\/post"}],"author":[{"embeddable":true,"href":"https:\/\/plazajuarez.mx\/historico\/wp-json\/wp\/v2\/users\/3"}],"replies":[{"embeddable":true,"href":"https:\/\/plazajuarez.mx\/historico\/wp-json\/wp\/v2\/comments?post=43185"}],"version-history":[{"count":0,"href":"https:\/\/plazajuarez.mx\/historico\/wp-json\/wp\/v2\/posts\/43185\/revisions"}],"wp:attachment":[{"href":"https:\/\/plazajuarez.mx\/historico\/wp-json\/wp\/v2\/media?parent=43185"}],"wp:term":[{"taxonomy":"category","embeddable":true,"href":"https:\/\/plazajuarez.mx\/historico\/wp-json\/wp\/v2\/categories?post=43185"},{"taxonomy":"post_tag","embeddable":true,"href":"https:\/\/plazajuarez.mx\/historico\/wp-json\/wp\/v2\/tags?post=43185"}],"curies":[{"name":"wp","href":"https:\/\/api.w.org\/{rel}","templated":true}]}}