{"id":43183,"date":"2017-06-19T13:23:25","date_gmt":"2017-06-19T13:23:25","guid":{"rendered":"http:\/\/plazajuarez.mx\/index\/index.php\/2017\/06\/19\/ayuntamiento-de-pachuca-festejo-a-los-papas-con-actividades-culturales-y-rifas\/"},"modified":"2017-06-19T13:23:25","modified_gmt":"2017-06-19T13:23:25","slug":"ayuntamiento-de-pachuca-festejo-a-los-papas-con-actividades-culturales-y-rifas","status":"publish","type":"post","link":"https:\/\/plazajuarez.mx\/historico\/ayuntamiento-de-pachuca-festejo-a-los-papas-con-actividades-culturales-y-rifas\/","title":{"rendered":"Ayuntamiento de Pachuca festej\u00f3 a los pap\u00e1s con actividades culturales y rifas"},"content":{"rendered":"<p>En el marco del festejo por el d\u00eda del padre, el ayuntamiento de Pachuca, encabezado por Yolanda Teller\u00eda Beltr\u00e1n, junto con la Secretar\u00eda de Desarrollo Econ\u00f3mico del municipio, llevaron a cabo una rifa en el centro de la capital hidalguense el s\u00e1bado 17 de junio.<\/p>\n<p>  <!--more-->  <\/p>\n<p>Esta actividad se uni\u00f3 a la serie de eventos realizados a lo largo de la semana, para festejar a los padres; entre lo que se rifo se encuentra una pantalla de 50 pulgadas, tambi\u00e9n hubo recorridos tur\u00edsticos gratuitos, concursos y actividades culturales, as\u00ed como la presentaci\u00f3n de diferentes bandas de rock.<\/p>\n<p>A su vez, la Alcaldesa agradeci\u00f3 a la C\u00e1mara Nacional de Comercio de Pachuca (Canaco) y a la C\u00e1mara Nacional de la Industria (Canirac) en Hidalgo, por el apoyo brindado a lo largo de esta \u00faltima semana para dicho festejo.<\/p>\n<p>Estos eventos se unen a la serie de cursos y diplomados impulsados por la Secretar\u00eda de Desarrollo Econ\u00f3mico (SEDECO), en donde se pretende impulsar el empleo en Pachuca, a trav\u00e9s del titular, Juan \u00c1ngel Hern\u00e1ndez Hern\u00e1ndez, quien presidi\u00f3 este evento en la capital hidalguense.<\/p>\n<p>Finalmente, en otro tema, se espera que para esta semana se haga la pronunciaci\u00f3n oficial y se rinda cuentas de las \u00a0acciones que se est\u00e1n tomando en el tema de los periodistas agredidos a las afueras de la Casa Rule.<\/p>\n","protected":false},"excerpt":{"rendered":"<p>En el marco del festejo por el d\u00eda del padre, el ayuntamiento de Pachuca, encabezado por Yolanda Teller\u00eda Beltr\u00e1n, junto con la Secretar\u00eda de Desarrollo Econ\u00f3mico del municipio, llevaron a cabo una rifa en el centro de la capital hidalguense el s\u00e1bado 17 de junio.<\/p>\n","protected":false},"author":3,"featured_media":0,"comment_status":"open","ping_status":"open","sticky":false,"template":"","format":"standard","meta":{"footnotes":""},"categories":[62],"tags":[],"class_list":["post-43183","post","type-post","status-publish","format-standard","hentry","category-pachuca"],"_links":{"self":[{"href":"https:\/\/plazajuarez.mx\/historico\/wp-json\/wp\/v2\/posts\/43183","targetHints":{"allow":["GET"]}}],"collection":[{"href":"https:\/\/plazajuarez.mx\/historico\/wp-json\/wp\/v2\/posts"}],"about":[{"href":"https:\/\/plazajuarez.mx\/historico\/wp-json\/wp\/v2\/types\/post"}],"author":[{"embeddable":true,"href":"https:\/\/plazajuarez.mx\/historico\/wp-json\/wp\/v2\/users\/3"}],"replies":[{"embeddable":true,"href":"https:\/\/plazajuarez.mx\/historico\/wp-json\/wp\/v2\/comments?post=43183"}],"version-history":[{"count":0,"href":"https:\/\/plazajuarez.mx\/historico\/wp-json\/wp\/v2\/posts\/43183\/revisions"}],"wp:attachment":[{"href":"https:\/\/plazajuarez.mx\/historico\/wp-json\/wp\/v2\/media?parent=43183"}],"wp:term":[{"taxonomy":"category","embeddable":true,"href":"https:\/\/plazajuarez.mx\/historico\/wp-json\/wp\/v2\/categories?post=43183"},{"taxonomy":"post_tag","embeddable":true,"href":"https:\/\/plazajuarez.mx\/historico\/wp-json\/wp\/v2\/tags?post=43183"}],"curies":[{"name":"wp","href":"https:\/\/api.w.org\/{rel}","templated":true}]}}