{"id":43182,"date":"2017-06-19T13:20:54","date_gmt":"2017-06-19T13:20:54","guid":{"rendered":"http:\/\/plazajuarez.mx\/index\/index.php\/2017\/06\/19\/indicador-politico-33\/"},"modified":"2017-06-19T13:20:54","modified_gmt":"2017-06-19T13:20:54","slug":"indicador-politico-33","status":"publish","type":"post","link":"https:\/\/plazajuarez.mx\/historico\/indicador-politico-33\/","title":{"rendered":"INDICADOR POL\u00cdTICO"},"content":{"rendered":"<p>\u00a0<\/p>\n<p>\u00a0<\/p>\n<p><i><span style=\"font-weight: 400;\">Lombardismo<\/span><\/i><span style=\"font-weight: 400;\"> de AMLO, de derecha;<\/span><\/p>\n<p><span style=\"font-weight: 400;\">es capitalismo empresarial de Estado<\/span><\/p>\n<p>  <!--more-->  <\/p>\n<p>\u00a0<span style=\"font-weight: 400;\">El\u00a0Lombardo marxista pas\u00f3 a ser cardenista y termin\u00f3 como l\u00edder del Partido Popular Socialista <\/span><b>aliado<\/b><span style=\"font-weight: 400;\"> al PRI diazordacista. En el camino, Lombardo fue definiendo su <\/span><b>proyecto<\/b><span style=\"font-weight: 400;\"> nacional: <\/span><b>capitalismo<\/b><span style=\"font-weight: 400;\"> de Estado producto de una alianza entre los trabajadores y la \u201cburgues\u00eda nacionalista\u201d, el empresariado nacional de la econom\u00eda <\/span><b>mixta<\/b><span style=\"font-weight: 400;\"> pri\u00edsta. En 1958 pidi\u00f3 \u201cun candidato \u00fanico de las fuerzas patri\u00f3ticas\u201d, con el apoyo de obreros y empresarios y <\/span><b>conducido<\/b><span style=\"font-weight: 400;\"> por el Estado. En 1958 Jos\u00e9 Revueltas prob\u00f3 que Lombardo quer\u00eda <\/span><b>subordinar<\/b><span style=\"font-weight: 400;\"> a la clase trabajadora y al pa\u00eds a la <\/span><b>inexistente<\/b><span style=\"font-weight: 400;\"> \u201cburgues\u00eda revolucionaria y antimperialista\u201d. As\u00ed, el proyecto de Lombardo era <\/span><b>personalista<\/b><span style=\"font-weight: 400;\">, capitalista y controlaba a los trabajadores a <\/span><b>favor<\/b><span style=\"font-weight: 400;\"> de los intereses empresariales.<\/span><\/p>\n<p>\u00a0<\/p>\n<p><span style=\"font-weight: 400;\">Experto en eludir definiciones ideol\u00f3gicas claras porque <\/span><b>carece<\/b><span style=\"font-weight: 400;\"> de marco te\u00f3rico y repetitivo en sus argumentos elementales porque buscan al mexicano inculto y <\/span><b>dependiente<\/b><span style=\"font-weight: 400;\"> de programas sociales asistencialistas, el proyecto de naci\u00f3n de Andr\u00e9s Manuel L\u00f3pez Obrador es <\/span><i><span style=\"font-weight: 400;\">lombardista,<\/span><\/i><span style=\"font-weight: 400;\"> pero de derecha.<\/span><\/p>\n<p><span style=\"font-weight: 400;\">Vicente Lombardo Toledano fue <\/span><b>ide\u00f3logo<\/b><span style=\"font-weight: 400;\"> de la Revoluci\u00f3n Mexicana colocado en la izquierda marxista, aunque a partir de 1938 se pas\u00f3 al <\/span><b>centro<\/b><span style=\"font-weight: 400;\"> pre-pri\u00edsta. En 1933-1934 polemiz\u00f3 con Antonio Caso proponiendo que la UNAM ense\u00f1ara <\/span><b>exclusivamente<\/b><span style=\"font-weight: 400;\"> el pensamiento marxista. Pero en 1936 fund\u00f3 la CTM como proyecto <\/span><b>corporativo<\/b><span style=\"font-weight: 400;\"> de L\u00e1zaro C\u00e1rdenas, aunque en funci\u00f3n &#8211;Arnaldo C\u00f3rdoba en <\/span><i><span style=\"font-weight: 400;\">La pol\u00edtica de masas del cardenismo<\/span><\/i><span style=\"font-weight: 400;\">&#8211; de asumir a los obreros <\/span><b>no<\/b><span style=\"font-weight: 400;\"> como clase (como lo quer\u00eda Marx), sino como <\/span><b>masa<\/b><span style=\"font-weight: 400;\"> dependiente del Estado.<\/span><\/p>\n<p><span style=\"font-weight: 400;\">El proyecto de <\/span><b>control<\/b><span style=\"font-weight: 400;\"> obrero de C\u00e1rdenas-Lombardo fue de largo plazo. En 1938 la CTM pas\u00f3 a ser el <\/span><b>sector<\/b><span style=\"font-weight: 400;\"> obrero del Partido de la Revoluci\u00f3n Mexicana despu\u00e9s de la expropiaci\u00f3n petrolera, pero en 1946 Lombardo calific\u00f3 al candidato Miguel Alem\u00e1n como \u201c<\/span><b>cachorro<\/b><span style=\"font-weight: 400;\"> de L\u00e1zaro C\u00e1rdenas y Manuel \u00c1vila Camacho\u201d, y de ah\u00ed se deriv\u00f3 que Alem\u00e1n era, para la CTM lombardista, el \u201ccachorro de la Revoluci\u00f3n Mexicana\u201d.<\/span><\/p>\n<p><span style=\"font-weight: 400;\">El\u00a0Lombardo marxista pas\u00f3 a ser cardenista y termin\u00f3 como l\u00edder del Partido Popular Socialista <\/span><b>aliado<\/b><span style=\"font-weight: 400;\"> al PRI diazordacista. En el camino, Lombardo fue definiendo su <\/span><b>proyecto<\/b><span style=\"font-weight: 400;\"> nacional: <\/span><b>capitalismo<\/b><span style=\"font-weight: 400;\"> de Estado producto de una alianza entre los trabajadores y la \u201cburgues\u00eda nacionalista\u201d, el empresariado nacional de la econom\u00eda <\/span><b>mixta<\/b><span style=\"font-weight: 400;\"> pri\u00edsta. En 1958 pidi\u00f3 \u201cun candidato \u00fanico de las fuerzas patri\u00f3ticas\u201d, con el apoyo de obreros y empresarios y <\/span><b>conducido<\/b><span style=\"font-weight: 400;\"> por el Estado. En 1958 Jos\u00e9 Revueltas prob\u00f3 que Lombardo quer\u00eda <\/span><b>subordinar<\/b><span style=\"font-weight: 400;\"> a la clase trabajadora y al pa\u00eds a la <\/span><b>inexistente<\/b><span style=\"font-weight: 400;\"> \u201cburgues\u00eda revolucionaria y antimperialista\u201d. As\u00ed, el proyecto de Lombardo era <\/span><b>personalista<\/b><span style=\"font-weight: 400;\">, capitalista y controlaba a los trabajadores a <\/span><b>favor<\/b><span style=\"font-weight: 400;\"> de los intereses empresariales.<\/span><\/p>\n<p><span style=\"font-weight: 400;\">Se trata, casi copiado, del <\/span><b>modelo<\/b><span style=\"font-weight: 400;\"> de L\u00f3pez Obrador; aunque Lombardo, en su proyecto para 1957, defini\u00f3 <\/span><b>quince<\/b><span style=\"font-weight: 400;\"> puntos que ped\u00edan reparto de tierras, alimentaci\u00f3n para el pueblo, nacionalizaci\u00f3n de industrias b\u00e1sicas y del cr\u00e9dito, escala m\u00f3vil de salarios, control de inversiones extranjeras y expropiaci\u00f3n de servicios p\u00fablicos.<\/span><\/p>\n<p><span style=\"font-weight: 400;\">El proyecto de naci\u00f3n de L\u00f3pez Obrador es muy <\/span><b>menor<\/b><span style=\"font-weight: 400;\">, m\u00e1s gelatinoso y aguado. La peque\u00f1a burgues\u00eda <\/span><b>nacionalista<\/b><span style=\"font-weight: 400;\"> que Lombardo dec\u00eda que exist\u00eda, ahora con L\u00f3pez Obrador es m\u00e1s bien la burgues\u00eda de siempre, la construida por Salinas de Gortari v\u00eda privatizaciones y hoy <\/span><b>recolectada<\/b><span style=\"font-weight: 400;\"> para L\u00f3pez Obrador por el empresario salinista regiomontano Alfonso Romo, asimilada <\/span><b>sin<\/b><span style=\"font-weight: 400;\"> filtros ni compromisos; y desde luego, <\/span><b>sin<\/b><span style=\"font-weight: 400;\"> un proyecto de equidad salarial o de mejora de las condiciones de trabajo de los obreros.<\/span><\/p>\n<p><span style=\"font-weight: 400;\">Como Lombardo, el proyecto nacional de L\u00f3pez Obrador &#8211;seg\u00fan sus libros del 2004 y del 2017&#8211; es <\/span><b>pri\u00edsta<\/b><span style=\"font-weight: 400;\">: Estado administrador de los conflictos de clase, modelo de desarrollo <\/span><b>basado<\/b><span style=\"font-weight: 400;\"> en el est\u00edmulo a la empresa privada, trabajadores <\/span><b>sometidos<\/b><span style=\"font-weight: 400;\"> al control salarial en aras de la producci\u00f3n, <\/span><b>mantenimiento<\/b><span style=\"font-weight: 400;\"> de la privatizaci\u00f3n salinista de la econom\u00eda p\u00fablica, asistencialismo para los <\/span><b>m\u00e1s<\/b><span style=\"font-weight: 400;\"> pobres sin romper el <\/span><b>desequilibrio<\/b><span style=\"font-weight: 400;\"> en la disputa por la riqueza en la dial\u00e9ctica salarios-utilidades y siempre a <\/span><b>favor<\/b><span style=\"font-weight: 400;\"> de la tasa de utilidad empresarial.<\/span><\/p>\n<p><span style=\"font-weight: 400;\">De ah\u00ed que el proyecto de naci\u00f3n de L\u00f3pez Obrador sea de un <\/span><b><i>lombardismo<\/i><\/b><span style=\"font-weight: 400;\"> de derecha, pero a partir de que la propuesta de Lombardo era de suyo <\/span><b>derechista<\/b><span style=\"font-weight: 400;\">; el tabasque\u00f1o <\/span><b>controla<\/b><span style=\"font-weight: 400;\"> las demandas de los trabajadores para <\/span><b>reconstruir<\/b><span style=\"font-weight: 400;\"> el capitalismo empresarial que encabeza Romo. Riqueza s\u00f3lo para los de <\/span><b>arriba<\/b><span style=\"font-weight: 400;\">.<\/span><\/p>\n<p>\u00a0<\/p>\n<p><span style=\"font-weight: 400;\">-0-<\/span><\/p>\n<p>\u00a0<\/p>\n<p><b>Pol\u00edtica para <\/b><b><i>dummies<\/i><\/b><span style=\"font-weight: 400;\">: La pol\u00edtica es lo contrario al poder por el poder.<\/span><\/p>\n<p>\u00a0<\/p>\n<p><b>S\u00f3lo para sus ojos<\/b><span style=\"font-weight: 400;\">:<\/span><\/p>\n<ul>\n<li style=\"font-weight: 400;\"><span style=\"font-weight: 400;\">Las balaceras en Reynosa y Quintana Roo revelan que la delincuencia pas\u00f3 a la ofensiva. Y los legisladores siguen deshojando la margarita de la ley de seguridad interior. El problema radica en la percepci\u00f3n de que los delincuentes no temen a las autoridades y por eso los enfrentamientos.<\/span><\/li>\n<li style=\"font-weight: 400;\"><span style=\"font-weight: 400;\">Las reacciones de funcionarios del INE y de expertos electorales est\u00e1n desinflando la griter\u00eda de Morena y PAN por las elecciones en el Estado de M\u00e9xico y Coahuila. Lo grave fue la incapacidad de la oposici\u00f3n para vigilar casillas. Y las leyes electorales fueron dise\u00f1adas para proteger a los partidos, no para castigarlos.<\/span><\/li>\n<li style=\"font-weight: 400;\"><span style=\"font-weight: 400;\">Las especulaciones sobre cambios en el gabinete fueron enfriadas desde Los Pinos, lo cual no indica que no se den.<\/span><\/li>\n<\/ul>\n<p>\u00a0<\/p>\n<p><a href=\"http:\/\/indicadorpolitico.mx\"><i><span style=\"font-weight: 400;\">http:\/\/indicadorpolitico.mx<\/span><\/i><\/a><\/p>\n<p><a href=\"mailto:indicadorpoliticomx@gmail.com\"><i><span style=\"font-weight: 400;\">indicadorpoliticomx@gmail.com<\/span><\/i><\/a><\/p>\n<p><i><span style=\"font-weight: 400;\">@carlosramirezh<\/span><\/i><\/p>\n<p>\u00a0<\/p>\n<p><span style=\"font-weight: 400;\">&#8212;30&#8212;<\/span><\/p>\n","protected":false},"excerpt":{"rendered":"<p>\u00a0 \u00a0 Lombardismo de AMLO, de derecha; es capitalismo empresarial de Estado<\/p>\n","protected":false},"author":3,"featured_media":0,"comment_status":"open","ping_status":"open","sticky":false,"template":"","format":"standard","meta":{"footnotes":""},"categories":[42],"tags":[],"class_list":["post-43182","post","type-post","status-publish","format-standard","hentry","category-nuestrapalabra"],"_links":{"self":[{"href":"https:\/\/plazajuarez.mx\/historico\/wp-json\/wp\/v2\/posts\/43182","targetHints":{"allow":["GET"]}}],"collection":[{"href":"https:\/\/plazajuarez.mx\/historico\/wp-json\/wp\/v2\/posts"}],"about":[{"href":"https:\/\/plazajuarez.mx\/historico\/wp-json\/wp\/v2\/types\/post"}],"author":[{"embeddable":true,"href":"https:\/\/plazajuarez.mx\/historico\/wp-json\/wp\/v2\/users\/3"}],"replies":[{"embeddable":true,"href":"https:\/\/plazajuarez.mx\/historico\/wp-json\/wp\/v2\/comments?post=43182"}],"version-history":[{"count":0,"href":"https:\/\/plazajuarez.mx\/historico\/wp-json\/wp\/v2\/posts\/43182\/revisions"}],"wp:attachment":[{"href":"https:\/\/plazajuarez.mx\/historico\/wp-json\/wp\/v2\/media?parent=43182"}],"wp:term":[{"taxonomy":"category","embeddable":true,"href":"https:\/\/plazajuarez.mx\/historico\/wp-json\/wp\/v2\/categories?post=43182"},{"taxonomy":"post_tag","embeddable":true,"href":"https:\/\/plazajuarez.mx\/historico\/wp-json\/wp\/v2\/tags?post=43182"}],"curies":[{"name":"wp","href":"https:\/\/api.w.org\/{rel}","templated":true}]}}