{"id":43181,"date":"2017-06-19T13:20:11","date_gmt":"2017-06-19T13:20:11","guid":{"rendered":"http:\/\/plazajuarez.mx\/index\/index.php\/2017\/06\/19\/los-que-se-fueron-mis-amigos-mi-padre\/"},"modified":"2017-06-19T13:20:11","modified_gmt":"2017-06-19T13:20:11","slug":"los-que-se-fueron-mis-amigos-mi-padre","status":"publish","type":"post","link":"https:\/\/plazajuarez.mx\/historico\/los-que-se-fueron-mis-amigos-mi-padre\/","title":{"rendered":"LOS QUE SE FUERON: MIS AMIGOS, MI PADRE\u2026"},"content":{"rendered":"<p>En la voz de Alberto Cort\u00e9s, San Inocente Z\u00fa\u00f1iga Mercado le dio a su compadre Venancio Contreras Plata su testamento po\u00e9tico: dos inmensas canciones tituladas \u201cA mis amigos\u201d y \u201cLa Vejez\u201d.<\/p>\n<p>  <!--more-->  <\/p>\n<p>\u00a0<\/p>\n<p>Ser\u00e1 que \u201cagazapada en cualquier esquina\u201d o \u201cc\u00f3modamente instalada en el fondo del espejo cotidiano\u201d La Vejez nos sonr\u00ede con su rostro oculto tras las arrugas y con la expresi\u00f3n ingrata de su boca desdentada. \u00a0Cada d\u00eda nos parecemos m\u00e1s a ella. \u00a0Los amigos, h\u00e9roes de mil epopeyas bohemias, plagadas de juveniles errores\u2026 \u201cNosotros, los de entonces, ya no somos los mismos\u201d. \u00a0Algunos, purificados por el fuego final se fundieron ya en la energ\u00eda del cosmos; otros contin\u00faan un proceso integrador con la madre tierra: \u201cPolvo eres y en polvo te convertir\u00e1s\u201d.<\/p>\n<p>\u00a0<\/p>\n<p>En v\u00edsperas del D\u00eda del Padre, sin respetar el orden cronol\u00f3gico de su desaparici\u00f3n cito: mi compadre Aurelio Herrera Garc\u00eda, zacatecano de una pieza, que en su breve paso por Pachuca, supo sembrar amigos y padrinos para sus hijos antes de irse a vivir en Manzanillo, Colima, donde muri\u00f3 frente a la inmensidad del mar en un dorado crep\u00fasculo.<\/p>\n<p>\u00a0<\/p>\n<p>El M\u00e9dico Lorenzo P\u00e9rez Pe\u00f1a, mi vecino, amigo y pediatra (de mis hijos y de mi nieto) durante m\u00e1s de treinta a\u00f1os. \u00a0Fan\u00e1tico de las corridas de toros, el futbol y las canciones de Agust\u00edn Lara. \u00a0Alburero de los buenos, Maestro em\u00e9rito de la Escuela de Medicina de la UAEH y consumidor irredento del aristocr\u00e1tico \u201cBachard\u00f3n, le Blanche\u201d.<\/p>\n<p>\u00a0<\/p>\n<p>San Inocente Z\u00fa\u00f1iga Mercado. \u00a0Hizo de la Bohemia una religi\u00f3n. \u00a0Ocurrente, simp\u00e1tico con gran vena de escritor, guitarrista, cantante y lo mejor de todo: amigo incondicional, en las buenas y en las malas. \u00a0Chencho, con seguridad estar\u00e1 cantando en otro mundo, aunque no exista.<\/p>\n<p>\u00a0<\/p>\n<p>D\u00eda del Padre: producto de la mercadotecnia consumista es, sin embargo fecha propicia para la reflexi\u00f3n y la nostalgia. \u00a0Se fueron\u2026 \u00a0\u00bfNos volveremos a ver? \u00a0\u00bfTendremos que conformarnos con el recuerdo? \u00bfLos esfuerzos que algunos seres humanos hacemos por trascender, son in\u00fatiles? \u00a0Hasta ahora ninguna de esas preguntas tiene respuesta fidedigna. \u00a0Ni se afirma ni se niega. \u00a0Hasta aqu\u00ed llegamos, por ahora.<\/p>\n<p>\u00a0<\/p>\n<p>Aunque falleci\u00f3 en febrero del dos mil diez, la figura de mi padre no se separa de m\u00ed. \u00a0De manera consciente no tengo grandes remordimientos; creo que, en lo sustancial, no falle como hijo; sin embargo muchas cosas hermosas quedaron en el tintero; no se expresaron a tiempo y los d\u00edas del padre, son motivos para llevar una flor al camposanto.<\/p>\n<p>\u00a0<\/p>\n<p>Cuando los muertos se recuerdan, reviven. \u00a0Se fueron pero est\u00e1n aqu\u00ed: en los sue\u00f1os, en los rincones de la casa familiar, de d\u00eda y de noche aparece simb\u00f3licamente. \u00a0Mi padre no es un fantasma; es parte del paisaje.<\/p>\n<p>\u00a0<\/p>\n<p>El primer recuerdo que de \u00e9l guardo en mi conciencia, no es n\u00edtido, mucho menos objetivo. \u00a0Las m\u00faltiples lecturas dentro del realismo m\u00e1gico y otras corrientes literarias me hacen visualizarlo como un Pedro P\u00e1ramo, en versi\u00f3n bondadosa: un \u00a0hombre muy grande, fuerte, impecablemente vestido al estilo campirano, siempre celoso de la buena salud, apariencia y educaci\u00f3n de su caballo, as\u00ed como de la limpieza reluciente de sus armas (pistola y escopeta de cacer\u00eda) \u00a0me recuerdo en ancas de un alaz\u00e1n, abrazado a su poderosa cintura, con la seguridad de un m\u00edtico centauro.<\/p>\n<p>\u00a0<\/p>\n<p>Querido, respetado por sus peones (a quienes trataba de igual a igual), era bebedor fuerte, respetuoso de la amistad y valiente sin alardes. \u00a0Parco de palabra; \u201cLa Profe\u201d y yo escuchamos pocas ternezas pero sus ojos se llenaban de agua al mirarnos, lo mismo que cuando se terminaba la jornada de trabajo y la milpa florec\u00eda.<\/p>\n<p>\u00a0<\/p>\n<p>Despu\u00e9s algo pas\u00f3: mi madre, con esp\u00edritu de Maestra se fij\u00f3 como prioridad mi educaci\u00f3n. \u00a0A los diez a\u00f1os dej\u00e9 el pueblo para estudiar la secundaria. \u00a0En ese per\u00edodo el cielo se volvi\u00f3 avaro, las nubes se tornaron est\u00e9riles, las tierras, antes rebosantes de ma\u00edz, fr\u00edjol y cebada, ahora se confund\u00edan con el paisaje t\u00edpico del Valle del Mezquital: sequ\u00eda, pobreza, ausencia del principal satisfactor en el campo: \u00a1Agua!<\/p>\n<p>\u00a0<\/p>\n<p>Ahora que proliferan los pozos, seguramente las nuevas generaciones creer\u00e1n este relato, fantas\u00eda. \u00a0No es as\u00ed. \u00a0Sin energ\u00eda el\u00e9ctrica, sin carreteras, sin autom\u00f3viles, bajo la luz de una vela, las cosas no son tan f\u00e1ciles. \u00a0A\u00fan as\u00ed la vida de un ni\u00f1o en su peque\u00f1a comunidad ten\u00eda sus atractivos. \u00a0\u00a1Qu\u00e9 contento me sent\u00eda acompa\u00f1ando a mi padre a cazar conejos y codornices! \u00a0Fui testigo de su extraordinaria punter\u00eda. \u00a0C\u00f3mo disfrutaba al buscar gusanos de maguey en junio y juntar chinicuiles, durante las lluvias de septiembre. \u00a0Los escamoles, hoy tan caros, eran el platillo de los m\u00e1s pobres, s\u00f3lo en temporada (no hab\u00eda refrigeradores).<\/p>\n<p>\u00a0<\/p>\n<p>En fin, dice el lugar com\u00fan que recordar es vivir. \u00a0De pronto el hombre en plenitud se transform\u00f3 en anciano. \u00a0Con pura fuerza de voluntad dej\u00f3 de beber pero no de convivir. \u00a0Despu\u00e9s de un largo periodo de agon\u00eda, la vejez me lo quit\u00f3. \u00a0En donde est\u00e9, seguramente goza con la paz de los hombres buenos.<\/p>\n<p>\u00a0<\/p>\n<p>Muchos amigos de todas las edades y clases sociales recuerdan a \u201cDon Genaro Guti\u00e9rrez\u201d, \u201cEl T\u00edo Genaro\u201d, \u201cDon Genarito\u201d\u2026 \u00a0MI PADRE, a quien procuro honrar en este d\u00eda y en todos los que me queden de vida.<\/p>\n<p>\u00a0<\/p>\n<p><span style=\"font-weight: 400;\">Junio, 2017.<\/span><\/p>\n","protected":false},"excerpt":{"rendered":"<p>En la voz de Alberto Cort\u00e9s, San Inocente Z\u00fa\u00f1iga Mercado le dio a su compadre Venancio Contreras Plata su testamento po\u00e9tico: dos inmensas canciones tituladas \u201cA mis amigos\u201d y \u201cLa Vejez\u201d.<\/p>\n","protected":false},"author":3,"featured_media":0,"comment_status":"open","ping_status":"open","sticky":false,"template":"","format":"standard","meta":{"footnotes":""},"categories":[42],"tags":[],"class_list":["post-43181","post","type-post","status-publish","format-standard","hentry","category-nuestrapalabra"],"_links":{"self":[{"href":"https:\/\/plazajuarez.mx\/historico\/wp-json\/wp\/v2\/posts\/43181","targetHints":{"allow":["GET"]}}],"collection":[{"href":"https:\/\/plazajuarez.mx\/historico\/wp-json\/wp\/v2\/posts"}],"about":[{"href":"https:\/\/plazajuarez.mx\/historico\/wp-json\/wp\/v2\/types\/post"}],"author":[{"embeddable":true,"href":"https:\/\/plazajuarez.mx\/historico\/wp-json\/wp\/v2\/users\/3"}],"replies":[{"embeddable":true,"href":"https:\/\/plazajuarez.mx\/historico\/wp-json\/wp\/v2\/comments?post=43181"}],"version-history":[{"count":0,"href":"https:\/\/plazajuarez.mx\/historico\/wp-json\/wp\/v2\/posts\/43181\/revisions"}],"wp:attachment":[{"href":"https:\/\/plazajuarez.mx\/historico\/wp-json\/wp\/v2\/media?parent=43181"}],"wp:term":[{"taxonomy":"category","embeddable":true,"href":"https:\/\/plazajuarez.mx\/historico\/wp-json\/wp\/v2\/categories?post=43181"},{"taxonomy":"post_tag","embeddable":true,"href":"https:\/\/plazajuarez.mx\/historico\/wp-json\/wp\/v2\/tags?post=43181"}],"curies":[{"name":"wp","href":"https:\/\/api.w.org\/{rel}","templated":true}]}}