{"id":43178,"date":"2017-06-19T13:15:05","date_gmt":"2017-06-19T13:15:05","guid":{"rendered":"http:\/\/plazajuarez.mx\/index\/index.php\/2017\/06\/19\/equinoterapia-el-noble-ejercito-que-lucha-por-la-calidad-de-vida-de-ninos-especiales\/"},"modified":"2017-06-19T13:15:05","modified_gmt":"2017-06-19T13:15:05","slug":"equinoterapia-el-noble-ejercito-que-lucha-por-la-calidad-de-vida-de-ninos-especiales","status":"publish","type":"post","link":"https:\/\/plazajuarez.mx\/historico\/equinoterapia-el-noble-ejercito-que-lucha-por-la-calidad-de-vida-de-ninos-especiales\/","title":{"rendered":"Equinoterapia: el noble ej\u00e9rcito que lucha \u00a0  por la calidad de vida de ni\u00f1os especiales"},"content":{"rendered":"<p>\u00a0<\/p>\n<p>Es un paraje de sue\u00f1os y fe que se encuentra inmerso entre dos escenarios, por un lado una ciudad de conocimiento y ciencia, por el otro un paisaje netamente r\u00fastico, en donde las serpientes caen de los \u00e1rboles, como una an\u00e9cdota m\u00e1s en el arduo camino hacia una calidad de vida.<\/p>\n<p>  <!--more-->  <\/p>\n<p>Es el Centro Ecuestre y de equinoterapia de la UPP, que ofrece, bajo un ambiente fresco, puro, libre de part\u00edculas contaminantes y del estr\u00e9s de la cotidianidad, del claxon de los autom\u00f3viles, de la rapidez por vivir; una ruta de anhelos y esperanzas enmarcados por banderas de colores.<\/p>\n<p>Se trata de un espacio, en donde tambi\u00e9n los caballos disfrutan de la sombra de los \u00e1rboles, mientras esperan pacientes a que los instructores los llamen y alisten para iniciar una jornada de amor y solidaridad dirigida al siguiente guerrero de la agenda de citas.<\/p>\n<p>Es \u201cMilagros\u201d, nombre ideal que representa su belleza, tenacidad, perseverancia y fuerza de voluntad; quien se acerca arropada por los brazos de su madre, de lejos parece un cuerpo fr\u00e1gil, sin embargo su transformaci\u00f3n es casi m\u00e1gica cuando observa al equino listo para ser montado.<\/p>\n<p>Con sonidos y gestos pide ser bajada, y con peque\u00f1os pero firmes pasos en la misi\u00f3n que emprender\u00e1, camina con ayuda de su mami y sube al noble ejemplar que le da la bienvenida con un leve gui\u00f1o del ojo; as\u00ed da inicio a la terapia de 15 minutos con apoyo de instructor.<\/p>\n<p>La conexi\u00f3n est\u00e1 establecida, comienza a relajar los m\u00fasculos, se ha fundido en el suave caminar del bello equino, pareciera que est\u00e1 tocando la arena y que la zancada es propia, su columna toma una nueva postura y su mirada contagia de ilusiones.<\/p>\n<p>\u201cDesde que naci\u00f3 ha estado en terapias, cuando cumple tres meses de edad estaba en el Centro de Rehabilitaci\u00f3n Integral del estado (CRIH), casi a los 8 a\u00f1os la dieron de alta por beneficio m\u00e1ximo, ahora en julio cumple tres a\u00f1os en equinoterapia\u2026 En alg\u00fan momento los doctores nos dijeron que ten\u00eda que permanecer est\u00e1tica, que no entend\u00eda, pero nos entiende muy bien, est\u00e1 al 100 por ciento mentalmente, tiene mucho movimiento involuntario \u00a0pero tiene movimientos que hace por su propia voluntad\u201d\u2026<\/p>\n<p>\u201cEs especial, fue una ni\u00f1a muy deseada, ha sido muy fuerte, nos ha dado muchas lecciones de vida, demasiadas dir\u00eda yo, en que no debemos dejarnos vencer a la primera; ella nos ha demostrado \u00a0que todo se puede, pero m\u00e1s que nada a ser fuerte, su fuerza de voluntad, esa alegr\u00eda, que a pesar de todas las circunstancias est\u00e1 contenta, para m\u00ed ella es muy especial, me ha hecho valorar todo, valorar a mi familia, valorar cada espacio, cada lugar, cada momento, valorarla a ella, todo lo que puede hacer, cada movimiento de ella lo valoro, eso me ha hecho aprender\u201d.<\/p>\n<p>Refiri\u00f3 con orgullo, satisfacci\u00f3n, inmensa alegr\u00eda, y un breve y casi imperceptible goteo lagrimal Guadalupe Mata Garc\u00eda, madre de Milagros, ni\u00f1a especial con diagn\u00f3stico de par\u00e1lisis cerebral severa, y paciente del Centro Ecuestre y de Equinoterapia de la Universidad Polit\u00e9cnica de Pachuca (UPP).<\/p>\n<p>\u201cMilagros\u201d no solo es una historia de vida, es un caso de \u00e9xito, un ejemplo de que la fe y la voluntad mueven monta\u00f1as, m\u00fasculos y mentes; una inspiraci\u00f3n a la que tambi\u00e9n se suman Ana Karen y Gabriel Said, junto con miles de peque\u00f1os especiales que luchan con el impulso de sus padres y amigos por una mejor calidad de vida.<\/p>\n<p>CEEUPP, proyecto social sin fines de lucro nace en 2005<\/p>\n<p>El Centro Ecuestre y de Equinoterapia de la Universidad Polit\u00e9cnica de Pachuca (CEEUPP), es un Proyecto Social sin fines de lucro, cuyo objetivo es ofrecer una alternativa de terapia para la rehabilitaci\u00f3n o habilitaci\u00f3n en las \u00e1reas: m\u00e9dica, psicol\u00f3gica y pedag\u00f3gica; a portadores de deficiencias o necesidades especiales, a trav\u00e9s de personal especializado con la finalidad de mejorar la calidad de vida de sus pacientes.<\/p>\n<p>Comienza sus actividades en Octubre del 2005 y queda inaugurado oficialmente el 28 de marzo del 2006 por el Sistema DIF Hidalgo.<\/p>\n<p>En el CEEUPP, fue dise\u00f1ado para practicar disciplinas como la equitaci\u00f3n, \u00a0monta b\u00e1sica, charrer\u00eda, endurance, cabalgatas, entrenamiento de equipos de barrileras y adiestramiento en equitaci\u00f3n inglesa, sin embargo el \u00e1rea de Equinoterapia, es la que representa mayor impacto social.<\/p>\n<p>Est\u00e1 dirigida a las capas m\u00e1s vulnerables de la sociedad, a 12 a\u00f1os de su operaci\u00f3n ha otorgado 18 mil \u00a0sesiones de terapia a pacientes con diversas patolog\u00edas; sin embargo, a\u00fan se encuentran en lista de espera alrededor de 300 peque\u00f1os.<\/p>\n<p>Cabe destacar, que adem\u00e1s de las terapias, este centro tambi\u00e9n apoya en la apertura de nuevos centros de equinoterapia, proporcionando asesor\u00eda en la planeaci\u00f3n, organizaci\u00f3n, dise\u00f1o de instalaciones, programa zoot\u00e9cnico y de entrenamiento para caballos, as\u00ed como capacitaci\u00f3n para su personal.<\/p>\n<p>A lo largo de 12 a\u00f1os, ha participado en importantes eventos como el Primer Encuentro Nacional de Centros de Equinoterapia en M\u00e9xico en septiembre de 2006 y en el Primer Foro Latinoamericano de Equinoterapia en agosto del 2007; adem\u00e1s de que en \u00e9l se implementa el Programa de Capacitaci\u00f3n a equinoterapeutas de todo el Pa\u00eds, con tres cursos de equinoterapia anuales, impartidos por especialistas.<\/p>\n<p>Bajo el lema \u201cAmor y Esperanza. Por la salud al lomo de un caballo\u201d, un equipo de profesionales dan lo mejor de s\u00ed, \u201cnuestro estandarte y galard\u00f3n m\u00e1s preciado es la sonrisa en los rostros de cada ni\u00f1o, de cada jinete y familiar que asiste a nuestro centro, es la fuerza que nos compromete y nos impulsa, la raz\u00f3n que hace que nos sintamos orgullosos de pertenecer a este noble ej\u00e9rcito que lucha cada d\u00eda por el bien de los humanos y de los caballos\u201d.<\/p>\n<p>\u00a0<\/p>\n<p>\u00a0<\/p>\n<p>\u201cEl Centro de Equinoterapia es m\u00e1s all\u00e1 de la imagen institucional\u201d<\/p>\n<p>En su momento, el rector de la Universidad Polit\u00e9cnica de Pachuca (UPP), Marco Antonio Flores Gonz\u00e1lez, manifest\u00f3 que los problemas de difusi\u00f3n y manutenci\u00f3n del Centro complicaba su seguimiento, vislumbrando el posible cierre de operaciones y el fin a una alternativa para los peque\u00f1os y sus familias; sin embargo, a\u00fan se aferraban a la b\u00fasqueda de opciones para levantarlo.<\/p>\n<p>\u201cLa idea es volver a \u00a0lanzar el centro de equinoterapia con toda la difusi\u00f3n e impacto \u00a0social que esto conlleva, finalmente es m\u00e1s all\u00e1 de la \u00a0imagen institucional, es el impacto social porque tenemos varios pacientes que a trav\u00e9s de los a\u00f1os han tenido \u00a0una evoluci\u00f3n y eso nadie lo sabe, entonces vamos a trabajar en ese esquema\u201d, dijo.<\/p>\n<p>Precis\u00f3 que hist\u00f3ricamente \u00a0el centro de equinoterapia ha sido un punto fundamental en la UPP, sin embargo el problema radicaba en la falta de difusi\u00f3n, situaci\u00f3n que imped\u00eda la sustentabilidad.<\/p>\n<p>\u201cEs un tema de impacto social, que est\u00e1 costando mucho, desde el punto de vista \u00a0econ\u00f3mico y de recursos humanos, pas\u00f3 por la mente ya no seguir trabajando, pero el equipo directivo se ha reforzado y en un consenso global hemos visualizado lo establecido en nuestro plan estatal \u00a0de desarrollo y los lineamientos que establece ahora nuestro gobernador de dar atenci\u00f3n, ser incluyente y tener apertura social\u201d.<\/p>\n<p>Despu\u00e9s de m\u00e1s de cuatro meses de an\u00e1lisis, el rector de la UPP manifest\u00f3 la decisi\u00f3n de seguir luchando por este proyecto, que ha dado nuevas oportunidades a ni\u00f1os y familias que ven en la equinoterapia un rayo de esperanza.<\/p>\n<p>\u201cReplanteamos el centro de equinoterapia, si bien se ha mantenido vigente, hubo \u00a0una \u00e9poca en la que tuvimos que reducir el personal, hubo otra \u00e9poca en donde tuvimos que reducir los equinos, hemos evolucionado, \u00a0hemos hecho nuevas propuestas a trav\u00e9s de nuestros directivos y ahora hay planes interesantes\u201d, dijo.<\/p>\n","protected":false},"excerpt":{"rendered":"<p>\u00a0 Es un paraje de sue\u00f1os y fe que se encuentra inmerso entre dos escenarios, por un lado una ciudad de conocimiento y ciencia, por el otro un paisaje netamente r\u00fastico, en donde las serpientes caen de los \u00e1rboles, como una an\u00e9cdota m\u00e1s en el arduo camino hacia una calidad de vida.<\/p>\n","protected":false},"author":3,"featured_media":0,"comment_status":"open","ping_status":"open","sticky":false,"template":"","format":"standard","meta":{"footnotes":""},"categories":[59],"tags":[],"class_list":["post-43178","post","type-post","status-publish","format-standard","hentry","category-general"],"_links":{"self":[{"href":"https:\/\/plazajuarez.mx\/historico\/wp-json\/wp\/v2\/posts\/43178","targetHints":{"allow":["GET"]}}],"collection":[{"href":"https:\/\/plazajuarez.mx\/historico\/wp-json\/wp\/v2\/posts"}],"about":[{"href":"https:\/\/plazajuarez.mx\/historico\/wp-json\/wp\/v2\/types\/post"}],"author":[{"embeddable":true,"href":"https:\/\/plazajuarez.mx\/historico\/wp-json\/wp\/v2\/users\/3"}],"replies":[{"embeddable":true,"href":"https:\/\/plazajuarez.mx\/historico\/wp-json\/wp\/v2\/comments?post=43178"}],"version-history":[{"count":0,"href":"https:\/\/plazajuarez.mx\/historico\/wp-json\/wp\/v2\/posts\/43178\/revisions"}],"wp:attachment":[{"href":"https:\/\/plazajuarez.mx\/historico\/wp-json\/wp\/v2\/media?parent=43178"}],"wp:term":[{"taxonomy":"category","embeddable":true,"href":"https:\/\/plazajuarez.mx\/historico\/wp-json\/wp\/v2\/categories?post=43178"},{"taxonomy":"post_tag","embeddable":true,"href":"https:\/\/plazajuarez.mx\/historico\/wp-json\/wp\/v2\/tags?post=43178"}],"curies":[{"name":"wp","href":"https:\/\/api.w.org\/{rel}","templated":true}]}}