{"id":43159,"date":"2017-06-18T07:23:52","date_gmt":"2017-06-18T07:23:52","guid":{"rendered":"http:\/\/plazajuarez.mx\/index\/index.php\/2017\/06\/18\/la-incertidumbre-del-periodista\/"},"modified":"2017-06-18T07:23:52","modified_gmt":"2017-06-18T07:23:52","slug":"la-incertidumbre-del-periodista","status":"publish","type":"post","link":"https:\/\/plazajuarez.mx\/historico\/la-incertidumbre-del-periodista\/","title":{"rendered":"La incertidumbre del periodista\u2026"},"content":{"rendered":"<p>Con todo mi respeto y admiraci\u00f3n para los que se dedican a esa noble misi\u00f3n de informar los hechos que lastiman a la sociedad, pero satisfacen a ese mediocre cuyo \u00fanico argumento es la violencia<\/p>\n<p>  <!--more-->  <\/p>\n<p>\u00a0<br \/>Cuando llega la noche y las cosas no han salido como uno las esperaba, comienza la desesperaci\u00f3n; el cansancio provoca que nos invada la incertidumbre; el diario desgaste poco a poco va minando nuestras fuerzas; el fragor de la lucha va adelgazando el \u00e1nimo y\u00a0 las metas cada vez se hacen m\u00e1s pesadas.<br \/>\u00a0<br \/>Y a\u00fan y con todo ese peso a cuestas, sabemos que es nuestro deber seguir adelante; descansar no est\u00e1 en el programa de los que sabemos que el tiempo se agota para una segunda oportunidad; el explorar nuevas opciones con la vida y el tiempo en nuestra contra ya no es tan sencillo; ahora cada paso lo debemos tener bien medido, pues inexorablemente cada paso se convierte en un fin en s\u00ed mismo, pues en cada uno de los pasos del periodista se puede estar pisando muchos callos.<br \/>\u00a0<br \/>Las generaciones de periodistas que caminaron delante de nosotros, quitaron las piedras con las que ellos tropezaron, y aprendimos de su experiencia; nosotros haremos lo mismo con esa pl\u00e9yade de generaciones que muy de prisa ya nos est\u00e1n alcanzando; trataremos que nuestra vacilaci\u00f3n no la heredemos a ellos; aunque a veces es necesario tropezar con nuestras propias piedras cuando nos obstinamos en no aprender de la historia.<br \/>\u00a0<br \/>La noche cae y los miedos nos acorralan, pues para muchos el ma\u00f1ana solo es un d\u00eda m\u00e1s y no un nuevo amanecer; la vida y los intereses ajenos los ha golpeado y no los ha dejado nuevamente extender sus alas al vuelo de la libre expresi\u00f3n.<br \/>\u00a0<br \/>No es esa la actitud que debemos ense\u00f1ar; el tiempo para los j\u00f3venes es inconmensurable y es su obligaci\u00f3n darle buen uso; pues quiz\u00e1 tarde nos habremos dado cuenta que el no respetar esa premisa de la vida, nos pondr\u00e1 ante el inevitable pago de facturas, y el tiempo nos cobra muy caro su desperdicio, pues para el periodismo honesto no hay un d\u00eda de descanso.<br \/>\u00a0<br \/>\u00bfMa\u00f1ana?, no sabemos lo que suceder\u00e1, el futuro es incierto, y quiz\u00e1 sea mejor no saberlo, pues de lo contrario el enigma de la vida estar\u00eda resuelto, y su consecuencia es que esa certeza nos llevar\u00eda a la p\u00e9rdida de ese esp\u00edritu de lucha que muchos periodistas todav\u00eda conservan, pues no todos se han abandonado a su suerte, esa suerte que, a\u00fan y con las escasas fuerzas que poseemos, nos negamos a depender exclusivamente de ella.<br \/>\u00a0<br \/>La incertidumbre nos debe mover hacia adelante, para crear, para construir, pero sin olvidar nuestros valores de convivencia y del privilegio de la verdad; alg\u00fan d\u00eda ser\u00e1 el \u00faltimo, pero hasta en ese instante tendremos la cabeza levantada, para decir muy fuerte, que nuestros miedos y nuestras indecisiones, solo fueron el acicate para nuevas proyecciones de vida.<br \/>\u00a0<br \/>Las palabras se las lleva el viento, pero mi pensamiento escrito est\u00e1.<br \/>\u00a0<br \/>MIGUEL ROSALES P\u00c9REZ<\/p>\n","protected":false},"excerpt":{"rendered":"<p>Con todo mi respeto y admiraci\u00f3n para los que se dedican a esa noble misi\u00f3n de informar los hechos que lastiman a la sociedad, pero satisfacen a ese mediocre cuyo \u00fanico argumento es la violencia<\/p>\n","protected":false},"author":93,"featured_media":0,"comment_status":"open","ping_status":"open","sticky":false,"template":"","format":"standard","meta":{"footnotes":""},"categories":[51],"tags":[],"class_list":["post-43159","post","type-post","status-publish","format-standard","hentry","category-miguel-rosales"],"_links":{"self":[{"href":"https:\/\/plazajuarez.mx\/historico\/wp-json\/wp\/v2\/posts\/43159","targetHints":{"allow":["GET"]}}],"collection":[{"href":"https:\/\/plazajuarez.mx\/historico\/wp-json\/wp\/v2\/posts"}],"about":[{"href":"https:\/\/plazajuarez.mx\/historico\/wp-json\/wp\/v2\/types\/post"}],"author":[{"embeddable":true,"href":"https:\/\/plazajuarez.mx\/historico\/wp-json\/wp\/v2\/users\/93"}],"replies":[{"embeddable":true,"href":"https:\/\/plazajuarez.mx\/historico\/wp-json\/wp\/v2\/comments?post=43159"}],"version-history":[{"count":0,"href":"https:\/\/plazajuarez.mx\/historico\/wp-json\/wp\/v2\/posts\/43159\/revisions"}],"wp:attachment":[{"href":"https:\/\/plazajuarez.mx\/historico\/wp-json\/wp\/v2\/media?parent=43159"}],"wp:term":[{"taxonomy":"category","embeddable":true,"href":"https:\/\/plazajuarez.mx\/historico\/wp-json\/wp\/v2\/categories?post=43159"},{"taxonomy":"post_tag","embeddable":true,"href":"https:\/\/plazajuarez.mx\/historico\/wp-json\/wp\/v2\/tags?post=43159"}],"curies":[{"name":"wp","href":"https:\/\/api.w.org\/{rel}","templated":true}]}}