{"id":43158,"date":"2017-06-18T07:23:26","date_gmt":"2017-06-18T07:23:26","guid":{"rendered":"http:\/\/plazajuarez.mx\/index\/index.php\/2017\/06\/18\/un-padre-super-padre\/"},"modified":"2017-06-18T07:23:26","modified_gmt":"2017-06-18T07:23:26","slug":"un-padre-super-padre","status":"publish","type":"post","link":"https:\/\/plazajuarez.mx\/historico\/un-padre-super-padre\/","title":{"rendered":"\u00a1Un padre s\u00faper padre!"},"content":{"rendered":"<p>HOY, D\u00cdA DEL PADRE\u00a0 <br \/>Juan Pablo Islas Corona es un m\u00fasico y cantante que, con menci\u00f3n honor\u00edfica, recibi\u00f3 el t\u00edtulo de Pap\u00e1<br \/>D\u00eda con d\u00eda, junto con su pareja, luchan por sacar adelante a su peque\u00f1ito hijo, quien precisa de terapia de estimulaci\u00f3n temprana<\/p>\n<p>  <!--more-->  <\/p>\n<p>Conmemorar el amor a los padres una vez al a\u00f1o se ha convertido en algo habitual en nuestro tiempo. A pesar que se celebra el \u201cD\u00eda del Padre\u201d con un regalo, esta festividad no tiene un origen comercial para aumentar las ventas en estas fechas como muchos piensan.<br \/>De oficio m\u00fasico y cantante, pero de profesi\u00f3n graduado en la escuela de la vida, con menci\u00f3n honor\u00edfica, recibi\u00f3 el t\u00edtulo de Pap\u00e1. <br \/>El mayor de tres hijos del se\u00f1or \u00c1lvaro Islas, \u00e9l es Juan Pablo Islas Corona, quien siguiendo los pasos de sus padre desde hace 21 a\u00f1os se dedica a la m\u00fasica, en donde junto con su agrupaci\u00f3n se presentan en fiestas. <br \/>\u00bfQu\u00e9 significa para ti, tu pap\u00e1? &#8211; Es una gran satisfacci\u00f3n tener conmigo a mi padre y ver que con el paso de los a\u00f1os todo aquello que me dec\u00eda cuando era peque\u00f1o ahora lo entiendo a la perfecci\u00f3n,\u00a0 los padres tienen mucha raz\u00f3n porque me dec\u00eda \u201cel d\u00eda que seas padre ver\u00e1s lo que se siente preocuparte porque no lleguen a casa\u201d, y realmente es cierto, nadie sabe lo que vive hasta que lo vive. <br \/>\u00c1lvaro Islas es maestro de m\u00fasica desde hace muchos a\u00f1os. Juan Pablo lo describe como \u201cEl rey Le\u00f3n\u201d, aunque dice no tener palabras que vayan con el gran significado que le representa su pap\u00e1, adem\u00e1s de agradecerle cada uno de los consejos que a\u00fan hasta ahora le sigue dando. Recuerda con admiraci\u00f3n que a sus escasos 5 a\u00f1os de edad, su pap\u00e1 lo llevaba con \u00e9l a los conciertos y siempre lo sub\u00eda al escenario en donde lo presentaba, \u201cde ah\u00ed el ver a mi padre como el rey le\u00f3n, es inmenso lo que siento por \u00e9l, Dios es grande y luego de \u00e9l est\u00e1 mi padre\u201d, se\u00f1al\u00f3. <br \/>Juan Pablo ahora vive la inmensa dicha de ser pap\u00e1, \u00bfc\u00f3mo y d\u00f3nde conociste a tu esposa? \u2013 (sonrojado se ilumina su rostro al recordar ese momento)- bueno por lo mismo que segu\u00ed los pasos de mi padre, en una ocasi\u00f3n estaba tocando en una fiesta y la vi, intercambiamos n\u00fameros telef\u00f3nicos y despu\u00e9s la invit\u00e9 a salir, duramos un a\u00f1o de novios y posteriormente nos casamos. <br \/>Con 12 a\u00f1os de casados la vida les ha puesto pruebas, obst\u00e1culos y el inmenso amor que se tienen los hace fuertes, \u201cporque cuando realmente se ama, todo se acepta y se lucha junto a la persona, por amor se hace todo\u201d, subraya. <br \/>Sin embargo no todo ha sido \u201cf\u00e1cil\u201d para este matrimonio, pues aunque su prioridad fue hacer una familia y concebir un beb\u00e9, duro fue el camino que tuvieron que andar para al fin lograrlo; nadie dijo que la crianza de los hijos ser\u00eda f\u00e1cil, menos cuando uno de los progenitores pasa parte del tiempo fuera de casa por situaciones laborales, por lo que esta vez esta tarea recae exclusivamente sobre el padre. <br \/>Se cree que en ese reto, las mujeres son las \u00fanicas que lo pueden lograr, pero lo cierto es que cada vez son m\u00e1s los hombres a cargo de sus peque\u00f1os, desempe\u00f1\u00e1ndose bien como padres. <br \/>Las historias de padres que se hacen responsables de sus hijos sin importar condici\u00f3n, son prueba de que la responsabilidad humana no mira sexos, m\u00e1s bien es una formaci\u00f3n de hogar y de familia.<br \/>\u00bfC\u00f3mo fue la etapa de embarazo? &#8211; Bueno, mira en un principio no pod\u00edamos embarazarnos, quiz\u00e1 fueron muchos los factores que intervinieron para no ser padres tan pronto; pero&#8230; gracias a Dios y luego de muchos intentos al fin Dios nos ha bendecido con el peque\u00f1o Ian Yerik Islas Aguilar. <br \/>Durante la etapa de embarazo su esposa comenz\u00f3 con problemas a los 6 meses, por lo que tuvo que estar hospitalizada hasta que naciera el beb\u00e9, &#8211; no fue nada f\u00e1cil dormir en la calle, afuera del hospital en la Ciudad de M\u00e9xico, vivir con la zozobra de que todo puede pasar en cualquier momento, de que mientras yo estaba afuera a la espera de noticias, mi esposa junto con mi hijo se debat\u00edan entre la vida y la muerte.<br \/>La mayor\u00eda de las mujeres embarazadas suelen sufrir de presi\u00f3n alta, lo que com\u00fanmente se conoce como preeclampsia, circunstancia por la cual tuvo que ser hospitalizada de emergencia la esposa de Juan Pablo y motivo por el cual el peque\u00f1o Ian tuvo que nacer prematuro. <br \/>-El nacimiento de mi hijo nos cambi\u00f3 por completo la vida y m\u00e1s a\u00fan porque tiene un ligero problema de retraso al desarrollo psicomotor, pero&#8230; eso no es ning\u00fan impedimento para nosotros. <br \/>Y\u2026 bueno si tu esposa trabaja, \u00bfqui\u00e9n cuida de Ian? &#8211; Yo &#8211; asiente Juan Pablo al darle un beso a su \u201cbeb\u00e9\u201d como lo llaman.<br \/>En el estado de Hidalgo existen centros de rehabilitaci\u00f3n que brindan apoyo a personas que han tenido problema de lesiones f\u00edsicas, resultado de accidentes o bien desde nacimiento; en Pachuca existe el Centro de Rehabilitaci\u00f3n Integral de Hidalgo (CRIH), el cual cuenta con personal altamente calificado como doctores especialistas, terapeutas, puericulturistas, entre otros. <br \/>Abril Varela es la encargada del \u00e1rea de estimulaci\u00f3n temprana del CRIH; de profesi\u00f3n\u00a0 puericulturista y con 15 a\u00f1os de experiencia laborando en el Centro, atiende a casi 28 ni\u00f1os diarios de 0 a 3 a\u00f1os, en donde el objetivo es desenvolver sus habilidades para tener un desarrollo sano en infantes. <br \/>Juan Pablo lleva a su hijo, tres veces a la semana, a terapia de estimulaci\u00f3n temprana, sesiones que duran 45 minutos y en las cuales, se le aplican ejercicios para que refuercen su sistema inmunol\u00f3gico con la finalidad de que su desarrollo sea favorable. <br \/>\u00bfC\u00f3mo es un d\u00eda de pap\u00e1? -Me despierto desde que mi esposa se va a trabajar, son casi las 7 de la ma\u00f1ana y ya estoy despierto para darle sus medicamento al beb\u00e9, cambiarle el pa\u00f1al y alistar su leche porque come cada tres horas, en este caso a las 9 de la ma\u00f1ana est\u00e1 comiendo, juego con \u00e9l y le hago los mismos ejercicios que hacemos en el CRIH, luego se duerme y es entonces cuando aprovecho para hacer las labores dom\u00e9sticas, no me da pena decirlo, decir que mientras mi esposa se va a trabajar yo me quedo en casa, pues considero que ella ya dio lo que ten\u00eda que dar y en este sentido fue darle vida a mi hijo, ahora me corresponde a m\u00ed ver por \u00e9l, por la tarde cuando ella llega, todo est\u00e1 listo.<br \/>El machismo es considerado como una forma de violencia en donde la mujer sumisa suele ser aceptada y vista de forma positiva.<br \/>En la actualidad es una de las principales problem\u00e1ticas que aquejan a la sociedad mexicana. Visto sea desde el \u00e1mbito social en donde al hombre se le atribuyen caracter\u00edsticas de superioridad a las de la mujer, meramente por el hecho de que se ha arraigado la creencia cultural de una inferioridad de ella y se le ha envuelto al g\u00e9nero masculino en un aire de adulaci\u00f3n. <br \/>Seg\u00fan las \u00faltimas cifras del INEGI y del Consejo Nacional de Poblaci\u00f3n (Conapo), en M\u00e9xico 796 mil hogares son encabezados por un hombre.<br \/>Juan Pablo comenta que hasta sus propios amigos de pronto se burlan de \u00e9l al ser quien se haga cargo de la casa y el ni\u00f1o, pues desconocen su labor de m\u00fasico que ejerce \u00fanicamente los fines de semana, &#8211; no me averg\u00fcenza salir a la calle con mi pa\u00f1alera y mi hijo en brazos, para m\u00ed ser\u00eda m\u00e1s vergonzoso abandonar a mi esposa con mi hijo y dejar que sola se haga responsable.<br \/>Ante esta situaci\u00f3n del machismo que a\u00fan se vive en algunas partes de M\u00e9xico, y que cree que la mujer s\u00f3lo est\u00e1 para tener hijos y dedicarse a su hogar, sin embargo t\u00fa lo vives de manera diferente, dime.. \u00bfQu\u00e9 significa para ti ser padre? \u2013 Wow! Realmente es una satisfacci\u00f3n enorme, no existen palabras para describir lo que siento y significa, pues luego de esperar 12 a\u00f1os para poder tener un beb\u00e9 al fin Dios nos hizo el milagro, adem\u00e1s de que cuando naci\u00f3 estuvo en terapia intensiva durante tres meses, por lo que ahora me toca echarle ganas y salir adelante con mi hijo, voy con \u00e9l a sus terapias de estimulaci\u00f3n temprana y va evolucionando bien, todo es un proceso pero disfruto cada momento que paso junto a \u00e9l, ya que la conexi\u00f3n con los ni\u00f1os puede ser el mayor beneficio que como padre se puede obtener. <br \/>\u00bfC\u00f3mo combinas la m\u00fasica con tu papel de pap\u00e1? &#8211; Realmente no ha sido nada f\u00e1cil, pero mi esposa se va a trabajar y yo me quedo a cuidar del beb\u00e9 de lunes a viernes, fin de semana me tengo que ir a trabajar y debo confesar que no me voy tan tranquilo, pues cuido de \u00e9l las 24 horas del d\u00eda, as\u00ed que irme y dejarlo aunque sea con su mam\u00e1, me \u201cpreocupa\u201d debido a que ya lo conozco a la perfecci\u00f3n que no me siento muy tranquilo. Aunque cuando mam\u00e1 llega Ian Yerik est\u00e1 cambiado y alistado, ya le di sus medicamentos conforme le tocan; y aunque se lea \u201cfeo\u201d la comida est\u00e1 hecha y la casa limpia, no existe un manual en el cual nos digan c\u00f3mo ser padres.<br \/>Como todo, existen momentos en que queremos tirar la toalla, esto \u00bfte sucede? \u2013 Claro que s\u00ed, por lo regular los lunes me cuesta mucho levantarme, debido a que mi trabajo es en fin de semana, pero veo la carita de beb\u00e9 y de inmediato me motiva, aplico la frase \u201cpor \u00e9l s\u00ed puedo\u201d<br \/>\u00bfC\u00f3mo visualizas a tu hijo? &#8211; No me gusta adelantarme al futuro, prefiero que todo se vaya dando, pero lo veo grande, independiente y haciendo lo que le gustar\u00e1 hacer. <br \/>\u00a0\u00bfQu\u00e9 le puedes decir a Ian Yerik? &#8211; que lo amo, gracias por venir a este mundo, es una bendici\u00f3n que nos ha cambiado la vida, gracias a Dios que despu\u00e9s de tanto nos dio la bendici\u00f3n y mi hijo est\u00e1 aqu\u00ed, ahora mi trabajo es cuidarlo, no ser\u00e9 quiz\u00e1 el mejor pap\u00e1 pero por \u00e9l lo ser\u00e9 hasta que Dios me permita la vida, (dice con la voz entrecortada y los ojos llorosos al recordar todo el proceso que tuvieron que vivir durante el embarazo).<br \/>Por \u00faltimo, \u00bfqu\u00e9 consejo le dar\u00edas a los hombres que a\u00fan viven en la \u00e9poca en la que se sienten machos\u2026? \u2013 que realmente no deber\u00edan sentirse as\u00ed, es tan hermoso disfrutar de nuestros hijos, cada etapa que van viviendo y descubriendo un mundo nuevo para ellos, que sean unos verdaderos padres de sus hijos, por lo menos pasen una hora diaria con ellos y ver\u00e1n lo bien que se siente ser pap\u00e1. <br \/>El rol de pap\u00e1 es hermoso, es algo que la propia vida te da con la oportunidad de disfrutar; verlos re\u00edr, escucharlos y educarlos hace que cada momento sea \u00fanico e irrepetible, en la crianza, no hay una f\u00f3rmula infalible, ni hay una mejor que otra, asumiendo que quieres lo mejor para tu hijo o hija. <br \/>La vida en un hogar en donde el padre tiene que adoptar varios papeles \u2014al igual que la de una madre\u2014 puede resultar estresante, pues un padre tambi\u00e9n puede sentirse abrumado por la responsabilidad de hacer todo para educar y cuidar a los ni\u00f1os, mientras llega la mam\u00e1.<br \/>Ellos existen y est\u00e1n ah\u00ed. Ellos tambi\u00e9n afrontan presiones que las familias convencionales no viven. A pesar de ello, todo se aprende con la pr\u00e1ctica, justo lo que le ocurre a Juan Pablo, pues d\u00eda a d\u00eda recibe grandes lecciones y una de las principales ha sido el aferrarse a la vida, \u201ces una de las lecciones m\u00e1s poderosas que me ha dado mi beb\u00e9, pues al nacer de 32 semanas y no darle esperanzas de vida, a Dios gracias aqu\u00ed sigue entre nosotros\u201d, concluy\u00f3. <\/p>\n","protected":false},"excerpt":{"rendered":"<p>HOY, D\u00cdA DEL PADRE\u00a0 Juan Pablo Islas Corona es un m\u00fasico y cantante que, con menci\u00f3n honor\u00edfica, recibi\u00f3 el t\u00edtulo de Pap\u00e1D\u00eda con d\u00eda, junto con su pareja, luchan por sacar adelante a su peque\u00f1ito hijo, quien precisa de terapia de estimulaci\u00f3n temprana<\/p>\n","protected":false},"author":93,"featured_media":0,"comment_status":"open","ping_status":"open","sticky":false,"template":"","format":"standard","meta":{"footnotes":""},"categories":[42],"tags":[],"class_list":["post-43158","post","type-post","status-publish","format-standard","hentry","category-nuestrapalabra"],"_links":{"self":[{"href":"https:\/\/plazajuarez.mx\/historico\/wp-json\/wp\/v2\/posts\/43158","targetHints":{"allow":["GET"]}}],"collection":[{"href":"https:\/\/plazajuarez.mx\/historico\/wp-json\/wp\/v2\/posts"}],"about":[{"href":"https:\/\/plazajuarez.mx\/historico\/wp-json\/wp\/v2\/types\/post"}],"author":[{"embeddable":true,"href":"https:\/\/plazajuarez.mx\/historico\/wp-json\/wp\/v2\/users\/93"}],"replies":[{"embeddable":true,"href":"https:\/\/plazajuarez.mx\/historico\/wp-json\/wp\/v2\/comments?post=43158"}],"version-history":[{"count":0,"href":"https:\/\/plazajuarez.mx\/historico\/wp-json\/wp\/v2\/posts\/43158\/revisions"}],"wp:attachment":[{"href":"https:\/\/plazajuarez.mx\/historico\/wp-json\/wp\/v2\/media?parent=43158"}],"wp:term":[{"taxonomy":"category","embeddable":true,"href":"https:\/\/plazajuarez.mx\/historico\/wp-json\/wp\/v2\/categories?post=43158"},{"taxonomy":"post_tag","embeddable":true,"href":"https:\/\/plazajuarez.mx\/historico\/wp-json\/wp\/v2\/tags?post=43158"}],"curies":[{"name":"wp","href":"https:\/\/api.w.org\/{rel}","templated":true}]}}