{"id":43150,"date":"2017-06-18T07:15:04","date_gmt":"2017-06-18T07:15:04","guid":{"rendered":"http:\/\/plazajuarez.mx\/index\/index.php\/2017\/06\/18\/el-especialista-les-dijo-que-una-antena-de-telefonia-celular-no-afecta-la-salud\/"},"modified":"2017-06-18T07:15:04","modified_gmt":"2017-06-18T07:15:04","slug":"el-especialista-les-dijo-que-una-antena-de-telefonia-celular-no-afecta-la-salud","status":"publish","type":"post","link":"https:\/\/plazajuarez.mx\/historico\/el-especialista-les-dijo-que-una-antena-de-telefonia-celular-no-afecta-la-salud\/","title":{"rendered":"El especialista les dijo que una antena de telefon\u00eda celular no afecta la salud"},"content":{"rendered":"<p>Tepeji del R\u00edo<br \/>\u00a0<br \/>Sin embargo, producto de la desconfianza que la gente ya tiene a las autoridades, en general, no le creyeron;\u00a0 y si a esto le agregamos que se trata de la contaminada zona Tula-Tepeji, la determinaci\u00f3n de los vecinos fue: No queremos esa antena en la comunidad <br \/>Incluso uno de los vecinos dijo que en todo caso los dichos del m\u00e9dico deben ser respaldados por documentos o estudios que avalen lo que declaran, ya que ellos no pod\u00edan creer solo en un discurso<\/p>\n<p>  <!--more-->  <\/p>\n<p>\u00a0<br \/>Vecinos de la comunidad de Tianguistengo La Romera (como estaba previsto) se reunieron\u00a0 el viernes con autoridades del gobierno municipal para abordar el conflicto de la instalaci\u00f3n de una antena de telefon\u00eda celular, donde un especialista habl\u00f3 del tema y se\u00f1al\u00f3 que ese tipo de equipos no causan afectaciones a la salud, pese a ello los pobladores no quedaron convencidos y su postura sigui\u00f3 siendo \u201cno a la instalaci\u00f3n\u201d.<br \/>\u00a0<br \/>Por parte de la empresa acudi\u00f3 Carlos Federico Lozada, m\u00e9dico del Centro M\u00e9dico La Raza con especialidad en Epidemiolog\u00eda, quien puntualiz\u00f3 que basado en su experiencia no cuentan con elementos que se\u00f1alen que los equipos produzcan padecimientos a la salud de los vecinos cercanos a las antenas. <br \/>\u00a0<br \/>El encargado de presidir la mesa de trabajo que se llev\u00f3 a cabo en la sala de cabildo fue el secretario general municipal, \u00d3scar Gonz\u00e1lez, adem\u00e1s de que estuvieron presentes regidores de los diferentes partidos representados en la Asamblea, adem\u00e1s de directores de \u00e1rea. <br \/>\u00a0<br \/>En su momento los vecinos rechazaron la presencia del m\u00e9dico y recalcaron que lo que ellos requieren son estudios actuales para definir si las antenas provocan o no da\u00f1os a la salud, recordaron que la zona Tula-Tepeji es la m\u00e1s contaminada del pa\u00eds. <br \/>\u00a0<br \/>Uno de los vecinos indic\u00f3 que lo primero \u201ces la salud\u201d, afirm\u00f3 que si bien el m\u00e9dico dijo que no han tenido datos \u201cno significa que no existan da\u00f1os, porque quiz\u00e1 no los han reportado\u201d. <br \/>\u00a0<br \/>En su oportunidad, el gobierno municipal inform\u00f3 que la constancia de alineamiento fue expedida el 25 de enero de 2017 y que el permiso o concesi\u00f3n lo otorga la Secretar\u00eda de Comunicaciones y Transportes (SCT). <br \/>\u00a0<br \/>En la reuni\u00f3n tambi\u00e9n estuvieron presentes integrantes de la mesa directiva del Ejido de Tepeji quienes externaron que la empresa no cuenta con un documento que se\u00f1ale que exista o no exista da\u00f1o, por lo que no cuentan un aval de que las antenas no provocan da\u00f1o y dieron paso a su retiro de la reuni\u00f3n. <br \/>\u00a0<br \/>Durante la misma reuni\u00f3n se present\u00f3 la solicitud que realiz\u00f3 la empresa, pero los vecinos dijeron que el documento de autorizaci\u00f3n est\u00e1 mal, debido a que el permiso fue emitido para un predio distinto, toda vez que la obra se ejecuta pasando la barranca y el croquis muestra un predio antes de la barranca. <br \/>\u00a0<br \/>En una segunda participaci\u00f3n el m\u00e9dico dijo que su presencia no era para generar un conflicto, pero que bien la empresa pod\u00eda presentar un informe del detalle t\u00e9cnico de los equipos que se van a instalar.<br \/>\u00a0<br \/>Finalmente, los vecinos reclamaron al gobierno el pretender ocultar la instalaci\u00f3n de la antena, toda vez que desde enero se formul\u00f3 la solicitud e insistieron en que el empresario due\u00f1o de la antena acuda a la asamblea vecinal de este domingo, para que presente la informaci\u00f3n y los estudios con los que cuenta, ya que mientras tanto la postura es no a la instalaci\u00f3n de la antena.<\/p>\n","protected":false},"excerpt":{"rendered":"<p>Tepeji del R\u00edo\u00a0Sin embargo, producto de la desconfianza que la gente ya tiene a las autoridades, en general, no le creyeron;\u00a0 y si a esto le agregamos que se trata de la contaminada zona Tula-Tepeji, la determinaci\u00f3n de los vecinos fue: No queremos esa antena en la comunidad Incluso uno de los vecinos dijo que [&hellip;]<\/p>\n","protected":false},"author":93,"featured_media":0,"comment_status":"open","ping_status":"open","sticky":false,"template":"","format":"standard","meta":{"footnotes":""},"categories":[40],"tags":[],"class_list":["post-43150","post","type-post","status-publish","format-standard","hentry","category-region"],"_links":{"self":[{"href":"https:\/\/plazajuarez.mx\/historico\/wp-json\/wp\/v2\/posts\/43150","targetHints":{"allow":["GET"]}}],"collection":[{"href":"https:\/\/plazajuarez.mx\/historico\/wp-json\/wp\/v2\/posts"}],"about":[{"href":"https:\/\/plazajuarez.mx\/historico\/wp-json\/wp\/v2\/types\/post"}],"author":[{"embeddable":true,"href":"https:\/\/plazajuarez.mx\/historico\/wp-json\/wp\/v2\/users\/93"}],"replies":[{"embeddable":true,"href":"https:\/\/plazajuarez.mx\/historico\/wp-json\/wp\/v2\/comments?post=43150"}],"version-history":[{"count":0,"href":"https:\/\/plazajuarez.mx\/historico\/wp-json\/wp\/v2\/posts\/43150\/revisions"}],"wp:attachment":[{"href":"https:\/\/plazajuarez.mx\/historico\/wp-json\/wp\/v2\/media?parent=43150"}],"wp:term":[{"taxonomy":"category","embeddable":true,"href":"https:\/\/plazajuarez.mx\/historico\/wp-json\/wp\/v2\/categories?post=43150"},{"taxonomy":"post_tag","embeddable":true,"href":"https:\/\/plazajuarez.mx\/historico\/wp-json\/wp\/v2\/tags?post=43150"}],"curies":[{"name":"wp","href":"https:\/\/api.w.org\/{rel}","templated":true}]}}