{"id":43148,"date":"2017-06-18T07:15:59","date_gmt":"2017-06-18T07:15:59","guid":{"rendered":"http:\/\/plazajuarez.mx\/index\/index.php\/2017\/06\/18\/no-es-una-queja-son-varias-contra-el-gobierno-municipal\/"},"modified":"2017-06-18T07:15:59","modified_gmt":"2017-06-18T07:15:59","slug":"no-es-una-queja-son-varias-contra-el-gobierno-municipal","status":"publish","type":"post","link":"https:\/\/plazajuarez.mx\/historico\/no-es-una-queja-son-varias-contra-el-gobierno-municipal\/","title":{"rendered":"No es una queja\u2026 son varias contra el Gobierno municipal"},"content":{"rendered":"<p>Ixmiquilpan <br \/>Incumplimiento en la terminaci\u00f3n de una obra de pavimentaci\u00f3n, demora (ya pasaron ocho meses) y mala calidad en los trabajos realizados <br \/>Vecinos del barrio La Reforma decidieron abrir por cuenta propia esta calle, as\u00ed como colocar lonas donde expusieron sus inconformidades contra el Presidente municipal y exigieron las correcciones en esta calle. <\/p>\n<p>  <!--more-->  <\/p>\n<p>\u00a0<br \/>Vecinos del barrio La Reforma se manifestaron contra el gobierno municipal por el incumplimiento en la terminaci\u00f3n de una obra de pavimentaci\u00f3n, la demora y la mala calidad de los trabajos realizados. <br \/>\u00a0<br \/>En la calle Quer\u00e9taro, la cual durante ocho meses ha quedado cerrada, se est\u00e1 construyendo una pavimentaci\u00f3n de la que los vecinos se quejan, debido al retraso exagerado, adem\u00e1s de que los trabajos son de mala calidad. <br \/>\u00a0<br \/>Exigieron que se reparen los da\u00f1os y se abra esta calle. Explicaron, que desde que \u00e9sta fue cerrada por cuestiones de los trabajos, la delincuencia en la zona se ha incrementado, principalmente el delito de robo, porque la polic\u00eda no ingresa al lugar y porque los delincuentes aprovechan la nula vigilancia. <br \/>\u00a0<br \/>Asimismo, denunciaron que por el retraso de la obra los comercios que se encuentran en esta zona han representado p\u00e9rdidas econ\u00f3micas. <br \/>\u00a0<br \/>Por ese motivo y ante la falta de respuestas por parte del gobierno municipal y de la empresa constructora, los vecinos decidieron reabrirla al tr\u00e1nsito. <br \/>\u00a0<br \/>Asimismo, el drenaje de esta calle no se \u201chabilit\u00f3\u201d como t\u00e9cnicamente se encuentra en el expediente, tampoco las banquetas ni las guarniciones, que representan un problema para la comunidad, por lo que vecinos continuar\u00e1n manifest\u00e1ndose. <br \/>\u00a0<br \/>Advirtieron que exigir\u00e1n al gobierno municipal que cumpla con los est\u00e1ndares de calidad que se exigen este tipo de obras, pues se trata de una obra que el presidente municipal, Pascual Charrez Pedraza, ofreci\u00f3 desde que se encontraba en campa\u00f1a, donde asegur\u00f3 que ya contaba con los recursos para invertirlos en esta calle. <\/p>\n","protected":false},"excerpt":{"rendered":"<p>Ixmiquilpan Incumplimiento en la terminaci\u00f3n de una obra de pavimentaci\u00f3n, demora (ya pasaron ocho meses) y mala calidad en los trabajos realizados Vecinos del barrio La Reforma decidieron abrir por cuenta propia esta calle, as\u00ed como colocar lonas donde expusieron sus inconformidades contra el Presidente municipal y exigieron las correcciones en esta calle.<\/p>\n","protected":false},"author":93,"featured_media":0,"comment_status":"open","ping_status":"open","sticky":false,"template":"","format":"standard","meta":{"footnotes":""},"categories":[40],"tags":[],"class_list":["post-43148","post","type-post","status-publish","format-standard","hentry","category-region"],"_links":{"self":[{"href":"https:\/\/plazajuarez.mx\/historico\/wp-json\/wp\/v2\/posts\/43148","targetHints":{"allow":["GET"]}}],"collection":[{"href":"https:\/\/plazajuarez.mx\/historico\/wp-json\/wp\/v2\/posts"}],"about":[{"href":"https:\/\/plazajuarez.mx\/historico\/wp-json\/wp\/v2\/types\/post"}],"author":[{"embeddable":true,"href":"https:\/\/plazajuarez.mx\/historico\/wp-json\/wp\/v2\/users\/93"}],"replies":[{"embeddable":true,"href":"https:\/\/plazajuarez.mx\/historico\/wp-json\/wp\/v2\/comments?post=43148"}],"version-history":[{"count":0,"href":"https:\/\/plazajuarez.mx\/historico\/wp-json\/wp\/v2\/posts\/43148\/revisions"}],"wp:attachment":[{"href":"https:\/\/plazajuarez.mx\/historico\/wp-json\/wp\/v2\/media?parent=43148"}],"wp:term":[{"taxonomy":"category","embeddable":true,"href":"https:\/\/plazajuarez.mx\/historico\/wp-json\/wp\/v2\/categories?post=43148"},{"taxonomy":"post_tag","embeddable":true,"href":"https:\/\/plazajuarez.mx\/historico\/wp-json\/wp\/v2\/tags?post=43148"}],"curies":[{"name":"wp","href":"https:\/\/api.w.org\/{rel}","templated":true}]}}