{"id":43145,"date":"2017-06-18T07:13:48","date_gmt":"2017-06-18T07:13:48","guid":{"rendered":"http:\/\/plazajuarez.mx\/index\/index.php\/2017\/06\/18\/futbol-nacional-745\/"},"modified":"2017-06-18T07:13:48","modified_gmt":"2017-06-18T07:13:48","slug":"futbol-nacional-745","status":"publish","type":"post","link":"https:\/\/plazajuarez.mx\/historico\/futbol-nacional-745\/","title":{"rendered":"FUTBOL NACIONAL"},"content":{"rendered":"<p>FELIPE MORA SER\u00c1 REFUERZO DE LA M\u00c1QUINA CELESTE <br \/>\u00a0<\/p>\n<p>  <!--more-->  <\/p>\n<p>Medios de comunicaci\u00f3n en Chile aseguraron que Cruz Azul ya adquiri\u00f3 los derechos del futbolista Felipe Mora, jugador de la Universidad de Chile. Algunos sitios de internet como &#8220;ADN Chile&#8221; y &#8220;Latercera&#8221; confirmaron dicha informaci\u00f3n. La m\u00e1quina compr\u00f3 los derechos del futbolista por cuatro millones de d\u00f3lares.<br \/>\u00a0<br \/>**<\/p>\n<p>EDGAR M\u00c9NDEZ SER\u00cdA REFUERZO DE CRUZ AZUL <\/p>\n<p>Edgar M\u00e9ndez, el jugador del Alav\u00e9s de la Liga Espa\u00f1ola, estar\u00eda a s\u00f3lo una firma de llegar a la Liga MX con el Cruz Azul. <br \/>El t\u00e9cnico cementero Paco J\u00e9mez considera que el futbolista tiene las cualidades para formar parte del equipo. <br \/>M\u00e9ndez fue subcampe\u00f3n de la Copa del Rey con el equipo blanquiazul; anot\u00f3 en cuatro ocasiones y jug\u00f3 un total de 27 partidos. <br \/>El precio del futbolista seg\u00fan el portal transfermakt es de 1.6 millones de d\u00f3lares. Cruz azul pagar\u00eda 2.5 millones de euros por el futbolista. <br \/>\u00a0<br \/>\u00a0<br \/>**<\/p>\n<p>JORGE CAMPOS CONVIVE CON \u201cPEL\u00c9\u201d <br \/>El ex portero mexicano Jorge Campos fue invitado por el Presidente de la FIFA, Gianni Infantino, al duelo inaugural de la Copa Confederaciones entre Rusia y Nueva Zelanda, partido que ganaron los anfitriones 2-0.<br \/>El ahora comentarista de televisi\u00f3n aparece en un palco de Infantino conviviendo con el ex futbolista brasile\u00f1o Edson Arantes do Nascimento &#8220;Pel\u00e9&#8221;.<br \/>En un video se puede apreciar la alegr\u00eda del ex guardameta de la Selecci\u00f3n Mexicana por estar pr\u00f3ximo a saludar al considerado mejor futbolista de la historia.<\/p>\n","protected":false},"excerpt":{"rendered":"<p>FELIPE MORA SER\u00c1 REFUERZO DE LA M\u00c1QUINA CELESTE \u00a0<\/p>\n","protected":false},"author":93,"featured_media":0,"comment_status":"open","ping_status":"open","sticky":false,"template":"","format":"standard","meta":{"footnotes":""},"categories":[39],"tags":[],"class_list":["post-43145","post","type-post","status-publish","format-standard","hentry","category-deportiva"],"_links":{"self":[{"href":"https:\/\/plazajuarez.mx\/historico\/wp-json\/wp\/v2\/posts\/43145","targetHints":{"allow":["GET"]}}],"collection":[{"href":"https:\/\/plazajuarez.mx\/historico\/wp-json\/wp\/v2\/posts"}],"about":[{"href":"https:\/\/plazajuarez.mx\/historico\/wp-json\/wp\/v2\/types\/post"}],"author":[{"embeddable":true,"href":"https:\/\/plazajuarez.mx\/historico\/wp-json\/wp\/v2\/users\/93"}],"replies":[{"embeddable":true,"href":"https:\/\/plazajuarez.mx\/historico\/wp-json\/wp\/v2\/comments?post=43145"}],"version-history":[{"count":0,"href":"https:\/\/plazajuarez.mx\/historico\/wp-json\/wp\/v2\/posts\/43145\/revisions"}],"wp:attachment":[{"href":"https:\/\/plazajuarez.mx\/historico\/wp-json\/wp\/v2\/media?parent=43145"}],"wp:term":[{"taxonomy":"category","embeddable":true,"href":"https:\/\/plazajuarez.mx\/historico\/wp-json\/wp\/v2\/categories?post=43145"},{"taxonomy":"post_tag","embeddable":true,"href":"https:\/\/plazajuarez.mx\/historico\/wp-json\/wp\/v2\/tags?post=43145"}],"curies":[{"name":"wp","href":"https:\/\/api.w.org\/{rel}","templated":true}]}}