{"id":42978,"date":"2017-06-15T13:34:36","date_gmt":"2017-06-15T13:34:36","guid":{"rendered":"http:\/\/plazajuarez.mx\/index\/index.php\/2017\/06\/15\/protegeran-y-velaran-por-los-derechos-de-la-infancia\/"},"modified":"2017-06-15T13:34:36","modified_gmt":"2017-06-15T13:34:36","slug":"protegeran-y-velaran-por-los-derechos-de-la-infancia","status":"publish","type":"post","link":"https:\/\/plazajuarez.mx\/historico\/protegeran-y-velaran-por-los-derechos-de-la-infancia\/","title":{"rendered":"Proteger\u00e1n y velar\u00e1n por los  derechos de la infancia  \u00a0"},"content":{"rendered":"<p>\u00a0<\/p>\n<p>\u00a0<\/p>\n<p><span style=\"font-weight: 400;\">Al dar la bienvenida a quienes integrar\u00e1n este Consejo de Sippina, la presidenta municipal, Mar\u00eda Antonieta de los \u00c1ngeles Anaya, dijo que al ser integrado este sistema municipal, se busca poner fin a toda forma de violencia contra ese sector de la sociedad, en la cual la mayor\u00eda de ni\u00f1os y ni\u00f1as son v\u00edctimas, ya sea en la escuela, en la calle o en el seno familiar.<\/span><\/p>\n<p>  <!--more-->  <\/p>\n<p><span style=\"font-weight: 400;\">Durante la integraci\u00f3n del organismo, la Jefa del Ejecutivo municipal destac\u00f3 que mediante esta acci\u00f3n, &#8220;el Gobierno Municipal refrenda su compromiso de actuar en forma coordinada entre los tres \u00f3rdenes de gobierno, en beneficio de la ni\u00f1ez y juventud del municipio\u201d.<\/span><\/p>\n<p>\u00a0<\/p>\n<p><span style=\"font-weight: 400;\">Por su parte, la secretaria ejecutiva de Sippina en el estado de Hidalgo, Claudia Vieyra Alamilla, dijo que una de las prioridades del actual gobierno del estado es poner fin a la violencia contra ese sector de la poblaci\u00f3n, violencia que incluye el maltrato f\u00edsico o emocional, el abuso sexual y la desatenci\u00f3n, ya que el estado de Hidalgo, ocupa uno de los lugares con m\u00e1s alto \u00edndice de violencia infantil, por lo que urge tomar medidas y hacer valer los derechos de los ni\u00f1os y ni\u00f1as.<\/span><\/p>\n<p>\u00a0<\/p>\n<p><span style=\"font-weight: 400;\">Vieyra Alamilla se\u00f1al\u00f3 que seg\u00fan datos estad\u00edsticos de la Encuesta Nacional de Salud y Nutrici\u00f3n, Apan ocupa uno de los tres primeros lugares en violencia infantil, s\u00f3lo por debajo de los municipios de Huehuetla e Ixmiquilpan.<\/span><\/p>\n<p>\u00a0<\/p>\n<p><span style=\"font-weight: 400;\">De ah\u00ed \u00a0la importancia de haber creado este Sippina en Apan, para poner fin a toda forma de violencia contra ni\u00f1as, ni\u00f1os y adolescentes. Su objetivo ser\u00e1 \u00a0apoyar los esfuerzos de quienes luchan por prevenir la violencia, proteger la infancia y contribuir a la creaci\u00f3n de sociedades seguras, as\u00ed como establecer un compromiso con la sociedad y, en particular, con ni\u00f1as, ni\u00f1os y adolescentes.<\/span><\/p>\n<p>\u00a0<\/p>\n<p><span style=\"font-weight: 400;\">Claudia Vieyra Alamilla, secretaria ejecutiva de Sippina en el estado, dijo que con la instalaci\u00f3n del Sistema de Protecci\u00f3n y Vigilancia de los Derechos de Ni\u00f1as, Ni\u00f1os y Adolescentes, se puede trabajar en la erradicaci\u00f3n del bullying, delincuencia, y otros factores que ponen en riesgo la integridad de este segmento de personas.<\/span><\/p>\n<p>\u00a0<\/p>\n<p><span style=\"font-weight: 400;\">Dijo que se garantizan los derechos personales de las ni\u00f1as, ni\u00f1os y adolescentes en cualquier lugar donde se encuentren del municipio, estado o pa\u00eds.<\/span><\/p>\n<p>\u00a0<\/p>\n<p>\u00a0<\/p>\n<p>\u00a0<\/p>\n","protected":false},"excerpt":{"rendered":"<p>\u00a0 \u00a0 Al dar la bienvenida a quienes integrar\u00e1n este Consejo de Sippina, la presidenta municipal, Mar\u00eda Antonieta de los \u00c1ngeles Anaya, dijo que al ser integrado este sistema municipal, se busca poner fin a toda forma de violencia contra ese sector de la sociedad, en la cual la mayor\u00eda de ni\u00f1os y ni\u00f1as son [&hellip;]<\/p>\n","protected":false},"author":3,"featured_media":0,"comment_status":"open","ping_status":"open","sticky":false,"template":"","format":"standard","meta":{"footnotes":""},"categories":[40],"tags":[],"class_list":["post-42978","post","type-post","status-publish","format-standard","hentry","category-region"],"_links":{"self":[{"href":"https:\/\/plazajuarez.mx\/historico\/wp-json\/wp\/v2\/posts\/42978","targetHints":{"allow":["GET"]}}],"collection":[{"href":"https:\/\/plazajuarez.mx\/historico\/wp-json\/wp\/v2\/posts"}],"about":[{"href":"https:\/\/plazajuarez.mx\/historico\/wp-json\/wp\/v2\/types\/post"}],"author":[{"embeddable":true,"href":"https:\/\/plazajuarez.mx\/historico\/wp-json\/wp\/v2\/users\/3"}],"replies":[{"embeddable":true,"href":"https:\/\/plazajuarez.mx\/historico\/wp-json\/wp\/v2\/comments?post=42978"}],"version-history":[{"count":0,"href":"https:\/\/plazajuarez.mx\/historico\/wp-json\/wp\/v2\/posts\/42978\/revisions"}],"wp:attachment":[{"href":"https:\/\/plazajuarez.mx\/historico\/wp-json\/wp\/v2\/media?parent=42978"}],"wp:term":[{"taxonomy":"category","embeddable":true,"href":"https:\/\/plazajuarez.mx\/historico\/wp-json\/wp\/v2\/categories?post=42978"},{"taxonomy":"post_tag","embeddable":true,"href":"https:\/\/plazajuarez.mx\/historico\/wp-json\/wp\/v2\/tags?post=42978"}],"curies":[{"name":"wp","href":"https:\/\/api.w.org\/{rel}","templated":true}]}}