{"id":42975,"date":"2017-06-15T13:29:46","date_gmt":"2017-06-15T13:29:46","guid":{"rendered":"http:\/\/plazajuarez.mx\/index\/index.php\/2017\/06\/15\/crece-el-malestar-contra-maduro-en-el-ejercito\/"},"modified":"2017-06-15T13:29:46","modified_gmt":"2017-06-15T13:29:46","slug":"crece-el-malestar-contra-maduro-en-el-ejercito","status":"publish","type":"post","link":"https:\/\/plazajuarez.mx\/historico\/crece-el-malestar-contra-maduro-en-el-ejercito\/","title":{"rendered":"Crece el malestar contra Maduro en el ej\u00e9rcito"},"content":{"rendered":"<p>\u00a0<\/p>\n<p>\u00a0<\/p>\n<p>El Gobierno tiene previsto destituir a la fiscal, cuyo mandato acaba en 2021. Y lo har\u00e1 a trav\u00e9s de la Asamblea Nacional Constituyente, que ejercer\u00e1 poderes absolutos desde agosto. Los futuros constituyentes ya han adelantado que tambi\u00e9n arrebatar\u00e1n la inmunidad a los diputados opositores, incluso que ejercer\u00e1n como tribunales para juzgar la traici\u00f3n a la patria<\/p>\n<p>  <!--more-->  <\/p>\n<p>La dimisi\u00f3n del mayor general Alexis Ram\u00edrez L\u00f3pez, uno de los pesos pesados del Ej\u00e9rcito revolucionario, aire\u00f3 una vez m\u00e1s el malestar que crece en sus entra\u00f1as. Este militar, ex comandante general de las Fuerzas Armadas durante el gobierno de Nicol\u00e1s Maduro, decidi\u00f3 abandonar la Secretar\u00eda del Consejo de Defensa de la Naci\u00f3n y del Consejo de Estado por su rechazo al proceso constituyente puesto en marcha por el &#8216;hijo de Ch\u00e1vez&#8217; para atornillarse en el poder.<\/p>\n<p>El Gobierno sabe de primera mano que entre las tropas militares crece el descontento ante la deriva social y econ\u00f3mica del pa\u00eds. La orden es que esas grietas no se ensanchen, al precio que sea: catorce oficiales, entre ellos coroneles y capitanes, fueron detenidos en abril tras iniciarse la ola de protestas, acusados de traici\u00f3n a la patria y de rebeli\u00f3n.<\/p>\n<p>El Gobierno mantiene un hermetismo total respecto a los uniformados, que se encuentran encarcelados en la prisi\u00f3n militar de Ramo Verde, la misma que Leopoldo L\u00f3pez, el preso pol\u00edtico m\u00e1s emblem\u00e1tico del chavismo.&#8221;Hay un mont\u00f3n de militares que no comparten la Constituyente. Los militares no viven en una c\u00fapula de cristal como muchos creen, tienen los mismos problemas&#8221;, asegura el general retirado Miguel Rodr\u00edguez Torres, ex ministro de Interior con Maduro y jefe del Servicio de Inteligencia con Ch\u00e1vez.<\/p>\n<p>Junto a Cl\u00edver Alcal\u00e1 (ex comandante del estado fronterizo con Brasil) y Ra\u00fal Salazar (primer ministro de Defensa con Ch\u00e1vez) encabezan a los cr\u00edticos del chavismo en el Ej\u00e9rcito. Todos ellos apoyan sin fisuras a Luisa Ortega, fiscal general de la Rep\u00fablica, convertida hoy en traidora oficial para el madurismo, que incluso ayer inst\u00f3 al Supremo que conforme una junta m\u00e9dica para que ratifique &#8220;que no est\u00e1 en sus cabales&#8221;.<\/p>\n","protected":false},"excerpt":{"rendered":"<p>\u00a0 \u00a0 El Gobierno tiene previsto destituir a la fiscal, cuyo mandato acaba en 2021. Y lo har\u00e1 a trav\u00e9s de la Asamblea Nacional Constituyente, que ejercer\u00e1 poderes absolutos desde agosto. Los futuros constituyentes ya han adelantado que tambi\u00e9n arrebatar\u00e1n la inmunidad a los diputados opositores, incluso que ejercer\u00e1n como tribunales para juzgar la traici\u00f3n [&hellip;]<\/p>\n","protected":false},"author":3,"featured_media":0,"comment_status":"open","ping_status":"open","sticky":false,"template":"","format":"standard","meta":{"footnotes":""},"categories":[31],"tags":[],"class_list":["post-42975","post","type-post","status-publish","format-standard","hentry","category-orbe"],"_links":{"self":[{"href":"https:\/\/plazajuarez.mx\/historico\/wp-json\/wp\/v2\/posts\/42975","targetHints":{"allow":["GET"]}}],"collection":[{"href":"https:\/\/plazajuarez.mx\/historico\/wp-json\/wp\/v2\/posts"}],"about":[{"href":"https:\/\/plazajuarez.mx\/historico\/wp-json\/wp\/v2\/types\/post"}],"author":[{"embeddable":true,"href":"https:\/\/plazajuarez.mx\/historico\/wp-json\/wp\/v2\/users\/3"}],"replies":[{"embeddable":true,"href":"https:\/\/plazajuarez.mx\/historico\/wp-json\/wp\/v2\/comments?post=42975"}],"version-history":[{"count":0,"href":"https:\/\/plazajuarez.mx\/historico\/wp-json\/wp\/v2\/posts\/42975\/revisions"}],"wp:attachment":[{"href":"https:\/\/plazajuarez.mx\/historico\/wp-json\/wp\/v2\/media?parent=42975"}],"wp:term":[{"taxonomy":"category","embeddable":true,"href":"https:\/\/plazajuarez.mx\/historico\/wp-json\/wp\/v2\/categories?post=42975"},{"taxonomy":"post_tag","embeddable":true,"href":"https:\/\/plazajuarez.mx\/historico\/wp-json\/wp\/v2\/tags?post=42975"}],"curies":[{"name":"wp","href":"https:\/\/api.w.org\/{rel}","templated":true}]}}