{"id":42971,"date":"2017-06-15T13:26:12","date_gmt":"2017-06-15T13:26:12","guid":{"rendered":"http:\/\/plazajuarez.mx\/index\/index.php\/2017\/06\/15\/la-delincuencia-no-es-una-alternativa-miranda\/"},"modified":"2017-06-15T13:26:12","modified_gmt":"2017-06-15T13:26:12","slug":"la-delincuencia-no-es-una-alternativa-miranda","status":"publish","type":"post","link":"https:\/\/plazajuarez.mx\/historico\/la-delincuencia-no-es-una-alternativa-miranda\/","title":{"rendered":"\ufeff  La &#8220;delincuencia no es una alternativa&#8221;: Miranda"},"content":{"rendered":"<p>\u00a0<\/p>\n<p>El titular de la Secretar\u00eda de Desarrollo Social, Luis Miranda, durante una gira en Sinaloa, donde entreg\u00f3 32 comedores comunitarios, pidi\u00f3: \u201caprendan ustedes, como mujeres, a que sus hijos vayan a la escuela, que sus hijos estudien, que sus hijos no vayan y no piensen que la delincuencia es una alternativa\u201d.<\/p>\n<p>  <!--more-->  <\/p>\n<p>En entrevista se refiri\u00f3 a que la \u201cdelincuencia no es una alternativa. La delincuencia lo \u00fanico que deja es ver a sus hijos alg\u00fan d\u00eda, el domingo, en una visita o en un lugar donde haya un velatorio. Eso es lo que deja la delincuencia\u201d.<\/p>\n<p>El funcionario, estuvo acompa\u00f1ado del gobernador Quirino Ordaz Coppel, y en el acto de inauguraci\u00f3n de los comedores, donde gran parte de la asistencia era de mujeres, se\u00f1al\u00f3 que \u201clos comedores son expresi\u00f3n de una pol\u00edtica social que busca dar mayor autonom\u00eda y dignidad a las personas\u201d.<\/p>\n<p>TEPJF ordena dar tr\u00e1mite a queja contra Barrales<\/p>\n<p>La Sala Superior del Tribunal Electoral del Poder Judicial de la Federaci\u00f3n (TEPJF) orden\u00f3 a la Comisi\u00f3n Jurisdiccional del PRD dar tr\u00e1mite a una impugnaci\u00f3n interpuesta contra su presidenta nacional, Alejandra Barrales, por ocupar el cargo de dirigente y al mismo tiempo, de senadora.<\/p>\n<p>Emplaz\u00f3 al \u00f3rgano perredista resolver &#8220;de inmediato&#8221;, sobre la admisi\u00f3n de la queja, pues han pasado 80 d\u00edas y ha sido omisa en dar tr\u00e1mite al asunto.<\/p>\n<p>Los tres quejosos son integrantes del Movimiento de Izquierdas (MIZ) e integrantes del CEN del PRD: Carlos Sotelo Garc\u00eda, Margarita Guillaumin Romero y Rey Morales S\u00e1nchez, secretarios de Asuntos Municipales y Desarrollo Regional; de Fortalecimiento a la Militancia y de Pol\u00edticas Alternativas de Seguridad P\u00fablica, respectivamente, quienes establecen que los Estatutos impiden a los perredistas ocupar dos cargos simult\u00e1neamente.<\/p>\n","protected":false},"excerpt":{"rendered":"<p>\u00a0 El titular de la Secretar\u00eda de Desarrollo Social, Luis Miranda, durante una gira en Sinaloa, donde entreg\u00f3 32 comedores comunitarios, pidi\u00f3: \u201caprendan ustedes, como mujeres, a que sus hijos vayan a la escuela, que sus hijos estudien, que sus hijos no vayan y no piensen que la delincuencia es una alternativa\u201d.<\/p>\n","protected":false},"author":3,"featured_media":0,"comment_status":"open","ping_status":"open","sticky":false,"template":"","format":"standard","meta":{"footnotes":""},"categories":[36],"tags":[],"class_list":["post-42971","post","type-post","status-publish","format-standard","hentry","category-nacion"],"_links":{"self":[{"href":"https:\/\/plazajuarez.mx\/historico\/wp-json\/wp\/v2\/posts\/42971","targetHints":{"allow":["GET"]}}],"collection":[{"href":"https:\/\/plazajuarez.mx\/historico\/wp-json\/wp\/v2\/posts"}],"about":[{"href":"https:\/\/plazajuarez.mx\/historico\/wp-json\/wp\/v2\/types\/post"}],"author":[{"embeddable":true,"href":"https:\/\/plazajuarez.mx\/historico\/wp-json\/wp\/v2\/users\/3"}],"replies":[{"embeddable":true,"href":"https:\/\/plazajuarez.mx\/historico\/wp-json\/wp\/v2\/comments?post=42971"}],"version-history":[{"count":0,"href":"https:\/\/plazajuarez.mx\/historico\/wp-json\/wp\/v2\/posts\/42971\/revisions"}],"wp:attachment":[{"href":"https:\/\/plazajuarez.mx\/historico\/wp-json\/wp\/v2\/media?parent=42971"}],"wp:term":[{"taxonomy":"category","embeddable":true,"href":"https:\/\/plazajuarez.mx\/historico\/wp-json\/wp\/v2\/categories?post=42971"},{"taxonomy":"post_tag","embeddable":true,"href":"https:\/\/plazajuarez.mx\/historico\/wp-json\/wp\/v2\/tags?post=42971"}],"curies":[{"name":"wp","href":"https:\/\/api.w.org\/{rel}","templated":true}]}}