{"id":42626,"date":"2017-06-08T12:33:02","date_gmt":"2017-06-08T12:33:02","guid":{"rendered":"http:\/\/plazajuarez.mx\/index\/index.php\/2017\/06\/08\/mesa-politica-la-proxima-semana\/"},"modified":"2017-06-08T12:33:02","modified_gmt":"2017-06-08T12:33:02","slug":"mesa-politica-la-proxima-semana","status":"publish","type":"post","link":"https:\/\/plazajuarez.mx\/historico\/mesa-politica-la-proxima-semana\/","title":{"rendered":"MESA POL\u00cdTICA, LA PR\u00d3XIMA SEMANA"},"content":{"rendered":"<p>SIM\u00d3N VARGAS ANUNCIA <br \/>*La invitaci\u00f3n se har\u00e1 a todos los partidos pol\u00edticos<br \/>*Por acuerdo con los partidos no se dan a conocer a\u00fan, los temas que se abordar\u00e1n<\/p>\n<p>  <!--more-->  <\/p>\n<p>\u00a0<br \/>El secretario de Gobierno del estado de Hidalgo, Sim\u00f3n Vargas \u00c1guilar, inform\u00f3 que la pr\u00f3xima semana se instalar\u00e1 la mesa pol\u00edtica en el estado, a fin de establecer la agenda en la que se trabajar\u00e1 en conjunto con los partidos pol\u00edticos que tienen presencia en la entidad, por lo anterior, adelant\u00f3 que por acuerdo con los partidos, se acord\u00f3 no adelantar ninguno de los temas que ser\u00e1n tratados hasta que la mesa sea instalada.<br \/>\u00a0<br \/>De igual forma se\u00f1al\u00f3 que todos los partidos pol\u00edticos ser\u00e1n invitados y que ser\u00e1 decisi\u00f3n de ellos si se suman a los trabajos e integran sus propuestas, lo anterior en v\u00edsperas del proceso electoral que se acerca y que culminar\u00e1 con la selecciones del pr\u00f3ximo a\u00f1o, entre las que destaca la de la renovaci\u00f3n de la presidencia de la rep\u00fablica.<br \/>\u00a0<br \/>\u201cDesde el lunes establec\u00ed contacto, esta semana vamos a fijar y la pr\u00f3xima comenzaremos a\u00a0 trabajar, acordamos con todos los partidos no revelar nada hasta instalarnos, traemos algunas propuestas, la vamos a tratar primero en la mesa, vamos a consensar para no generar pol\u00e9mica, vamos a salir todos al mismo tiempo para generar una agenda en com\u00fan\u201d, inform\u00f3.<br \/>\u00a0<br \/>Lo anterior tras montar una guardia de honor en marco al \u201cD\u00eda de la Libertad de Expresi\u00f3n\u201d, en la colonia periodistas de Pachuca, en donde el funcionario p\u00fablico refiri\u00f3 la importancia de tener presente dicha conmemoraci\u00f3n, pero sobre todo que el estado trabaje en garantizar el derecho constitucional y la protecci\u00f3n al gremio.<br \/>\u00a0<br \/>Por lo anterior destac\u00f3 que se tienen varias propuestas entre las que destac\u00f3 las de materia legislativa que se han consensuado con el poder legislativo, sin embargo se\u00f1al\u00f3 no ser el indicado para dar a conocerlas, ya que corresponden a la presidenta de la Junta de Gobierno, Mar\u00eda Luisa P\u00e9rez Perusqu\u00eda.<br \/>\u00a0<br \/>Finalmente apunt\u00f3 que ante presuntas amenazas que recibi\u00f3 el arzobispo de Tulancingo, ya tuvo contacto con el prelado, a fin de sugerirle que interponga la denuncia correspondiente y se d\u00e9 continuidad al proceso a fin de dar con los responsables.<\/p>\n","protected":false},"excerpt":{"rendered":"<p>SIM\u00d3N VARGAS ANUNCIA *La invitaci\u00f3n se har\u00e1 a todos los partidos pol\u00edticos*Por acuerdo con los partidos no se dan a conocer a\u00fan, los temas que se abordar\u00e1n<\/p>\n","protected":false},"author":93,"featured_media":0,"comment_status":"open","ping_status":"open","sticky":false,"template":"","format":"standard","meta":{"footnotes":""},"categories":[59],"tags":[],"class_list":["post-42626","post","type-post","status-publish","format-standard","hentry","category-general"],"_links":{"self":[{"href":"https:\/\/plazajuarez.mx\/historico\/wp-json\/wp\/v2\/posts\/42626","targetHints":{"allow":["GET"]}}],"collection":[{"href":"https:\/\/plazajuarez.mx\/historico\/wp-json\/wp\/v2\/posts"}],"about":[{"href":"https:\/\/plazajuarez.mx\/historico\/wp-json\/wp\/v2\/types\/post"}],"author":[{"embeddable":true,"href":"https:\/\/plazajuarez.mx\/historico\/wp-json\/wp\/v2\/users\/93"}],"replies":[{"embeddable":true,"href":"https:\/\/plazajuarez.mx\/historico\/wp-json\/wp\/v2\/comments?post=42626"}],"version-history":[{"count":0,"href":"https:\/\/plazajuarez.mx\/historico\/wp-json\/wp\/v2\/posts\/42626\/revisions"}],"wp:attachment":[{"href":"https:\/\/plazajuarez.mx\/historico\/wp-json\/wp\/v2\/media?parent=42626"}],"wp:term":[{"taxonomy":"category","embeddable":true,"href":"https:\/\/plazajuarez.mx\/historico\/wp-json\/wp\/v2\/categories?post=42626"},{"taxonomy":"post_tag","embeddable":true,"href":"https:\/\/plazajuarez.mx\/historico\/wp-json\/wp\/v2\/tags?post=42626"}],"curies":[{"name":"wp","href":"https:\/\/api.w.org\/{rel}","templated":true}]}}