{"id":42623,"date":"2017-06-08T12:32:26","date_gmt":"2017-06-08T12:32:26","guid":{"rendered":"http:\/\/plazajuarez.mx\/index\/index.php\/2017\/06\/08\/si-hubo-acuerdo-con-gobierno-estatal\/"},"modified":"2017-06-08T12:32:26","modified_gmt":"2017-06-08T12:32:26","slug":"si-hubo-acuerdo-con-gobierno-estatal","status":"publish","type":"post","link":"https:\/\/plazajuarez.mx\/historico\/si-hubo-acuerdo-con-gobierno-estatal\/","title":{"rendered":"S\u00ed hubo acuerdo con gobierno estatal"},"content":{"rendered":"<p>EN EL CONGRESO LOCAL\u00a0\u00a0 <\/p>\n<p>En breve comenzar\u00e1 la ejecuci\u00f3n de alrededor de 80 obras en las que se aplicar\u00e1n cerca de 175 millones de pesos en 11 municipios<\/p>\n<p>  <!--more-->  <\/p>\n<p>Alrededor de 80 obras que se ejecutar\u00e1n en 11 municipios, gestionadas por el diputado local de la fracci\u00f3n del Partido Acci\u00f3n Nacional (PAN), Cipriano Charrez Pedraza, en breve comenzar\u00e1n a ejecutarse, toda vez que se logr\u00f3 un acuerdo con el gobierno estatal que encabeza Omar Fayad Meneses.<br \/>\u00a0<br \/>El legislador se\u00f1al\u00f3 que ya hubo un acercamiento con el gobierno del estado, y adelant\u00f3 que desde ahora habr\u00e1 coordinaci\u00f3n con el gobierno local, ya que en su momento se hab\u00eda tenido una omisi\u00f3n, y no se hab\u00eda contemplado el visto bueno del gobierno estatal,\u00a0 situaci\u00f3n que provoc\u00f3 el aparente distanciamiento entre el gobierno y el diputado.<br \/>\u00a0<br \/>Cabe destacar que se habla de alrededor de 175 millones de pesos \u201cel 25 mayo se realiz\u00f3 la reuni\u00f3n acordada con el gobernador Omar Fayad, a fin de tratar de destrabar este asunto y conocer los motivos de estos retrasos, y hemos tenido di\u00e1logo, vamos a caminar para el bien de los pobladores de estos 11 municipios y ese es nuestro objetivo, un objetivo com\u00fan que tenemos para beneficio de la ciudadan\u00eda\u201d, dijo.<br \/>\u00a0<br \/>De igual forma destac\u00f3 que los compromisos ya estaban firmados mediante minuta con el gobierno federal, que es un nivel de gobierno distinto, y ver la importancia de la ejecuci\u00f3n de estas obras sociales, fue por lo que Fayad Meneses consider\u00f3 que no hab\u00eda inconveniente para comenzar con las obras que requiere la poblaci\u00f3n. <\/p>\n<p>Finalmente, el panista, destac\u00f3 que se trabajar\u00e1 de manera conjunta para sumar esfuerzos en\u00a0 beneficio de los hidalguenses, y se\u00f1al\u00f3 que en su momento en el acto inaugural se realizar\u00e1 un evento donde acudan delegados federales para dar a conocer los recursos que se habr\u00e1n de aplicar este mismo a\u00f1o.<\/p>\n","protected":false},"excerpt":{"rendered":"<p>EN EL CONGRESO LOCAL\u00a0\u00a0 En breve comenzar\u00e1 la ejecuci\u00f3n de alrededor de 80 obras en las que se aplicar\u00e1n cerca de 175 millones de pesos en 11 municipios<\/p>\n","protected":false},"author":93,"featured_media":0,"comment_status":"open","ping_status":"open","sticky":false,"template":"","format":"standard","meta":{"footnotes":""},"categories":[59],"tags":[],"class_list":["post-42623","post","type-post","status-publish","format-standard","hentry","category-general"],"_links":{"self":[{"href":"https:\/\/plazajuarez.mx\/historico\/wp-json\/wp\/v2\/posts\/42623","targetHints":{"allow":["GET"]}}],"collection":[{"href":"https:\/\/plazajuarez.mx\/historico\/wp-json\/wp\/v2\/posts"}],"about":[{"href":"https:\/\/plazajuarez.mx\/historico\/wp-json\/wp\/v2\/types\/post"}],"author":[{"embeddable":true,"href":"https:\/\/plazajuarez.mx\/historico\/wp-json\/wp\/v2\/users\/93"}],"replies":[{"embeddable":true,"href":"https:\/\/plazajuarez.mx\/historico\/wp-json\/wp\/v2\/comments?post=42623"}],"version-history":[{"count":0,"href":"https:\/\/plazajuarez.mx\/historico\/wp-json\/wp\/v2\/posts\/42623\/revisions"}],"wp:attachment":[{"href":"https:\/\/plazajuarez.mx\/historico\/wp-json\/wp\/v2\/media?parent=42623"}],"wp:term":[{"taxonomy":"category","embeddable":true,"href":"https:\/\/plazajuarez.mx\/historico\/wp-json\/wp\/v2\/categories?post=42623"},{"taxonomy":"post_tag","embeddable":true,"href":"https:\/\/plazajuarez.mx\/historico\/wp-json\/wp\/v2\/tags?post=42623"}],"curies":[{"name":"wp","href":"https:\/\/api.w.org\/{rel}","templated":true}]}}