{"id":42615,"date":"2017-06-08T12:25:24","date_gmt":"2017-06-08T12:25:24","guid":{"rendered":"http:\/\/plazajuarez.mx\/index\/index.php\/2017\/06\/08\/la-golpiza-de-zavala-a-anaya\/"},"modified":"2017-06-08T12:25:24","modified_gmt":"2017-06-08T12:25:24","slug":"la-golpiza-de-zavala-a-anaya","status":"publish","type":"post","link":"https:\/\/plazajuarez.mx\/historico\/la-golpiza-de-zavala-a-anaya\/","title":{"rendered":"La golpiza de Zavala a Anaya"},"content":{"rendered":"<p>Bajo Reserva Expr\u00e9s<br \/>\u00a0<\/p>\n<p>  <!--more-->  <\/p>\n<p>Los gobernadores panistas andan preocupados por el enfrentamiento de Margarita Zavala, por la golpiza que la ex primera dama est\u00e1 propinando al dirigente del partido, Ricardo Anaya, por la derrota del partido en la elecci\u00f3n del Estado de M\u00e9xico.<br \/>Desde sus estados, los mandatarios lanzan mensajes para que los liderazgos del PAN logren serenarse y dejar de dar armas, argumentos a los adversarios pol\u00edticos de cara a las elecciones presidenciales, nos explican.<br \/>Nos comentan que los gobernadores panistas est\u00e1n con la idea de encabezar un consenso amplio para presentar los perfiles m\u00e1s competitivos para la contienda por la Presidencia de la Rep\u00fablica, pero sobre todo sumar en lugar de dividir.<br \/>El gobernador de Quer\u00e9taro, Francisco Dom\u00ednguez, ha expresado la necesidad de que los 11 mandatarios realicen un consenso que les permita llegar unidos y fortalecidos para la contienda de 2018.<br \/>Todos los militantes del partido deben guardar la compostura, antes de seguir tirando golpes a diestra y siniestra, consideran los gobernadores azules.<br \/>\u00bfAnaya meter\u00e1 las manos para defenderse de los golpes de do\u00f1a Margarita?<br \/>\u00a0<\/p>\n","protected":false},"excerpt":{"rendered":"<p>Bajo Reserva Expr\u00e9s\u00a0<\/p>\n","protected":false},"author":93,"featured_media":0,"comment_status":"open","ping_status":"open","sticky":false,"template":"","format":"standard","meta":{"footnotes":""},"categories":[42],"tags":[],"class_list":["post-42615","post","type-post","status-publish","format-standard","hentry","category-nuestrapalabra"],"_links":{"self":[{"href":"https:\/\/plazajuarez.mx\/historico\/wp-json\/wp\/v2\/posts\/42615","targetHints":{"allow":["GET"]}}],"collection":[{"href":"https:\/\/plazajuarez.mx\/historico\/wp-json\/wp\/v2\/posts"}],"about":[{"href":"https:\/\/plazajuarez.mx\/historico\/wp-json\/wp\/v2\/types\/post"}],"author":[{"embeddable":true,"href":"https:\/\/plazajuarez.mx\/historico\/wp-json\/wp\/v2\/users\/93"}],"replies":[{"embeddable":true,"href":"https:\/\/plazajuarez.mx\/historico\/wp-json\/wp\/v2\/comments?post=42615"}],"version-history":[{"count":0,"href":"https:\/\/plazajuarez.mx\/historico\/wp-json\/wp\/v2\/posts\/42615\/revisions"}],"wp:attachment":[{"href":"https:\/\/plazajuarez.mx\/historico\/wp-json\/wp\/v2\/media?parent=42615"}],"wp:term":[{"taxonomy":"category","embeddable":true,"href":"https:\/\/plazajuarez.mx\/historico\/wp-json\/wp\/v2\/categories?post=42615"},{"taxonomy":"post_tag","embeddable":true,"href":"https:\/\/plazajuarez.mx\/historico\/wp-json\/wp\/v2\/tags?post=42615"}],"curies":[{"name":"wp","href":"https:\/\/api.w.org\/{rel}","templated":true}]}}