{"id":42613,"date":"2017-06-08T12:28:12","date_gmt":"2017-06-08T12:28:12","guid":{"rendered":"http:\/\/plazajuarez.mx\/index\/index.php\/2017\/06\/08\/amlo-democrata-o-tirano\/"},"modified":"2017-06-08T12:28:12","modified_gmt":"2017-06-08T12:28:12","slug":"amlo-democrata-o-tirano","status":"publish","type":"post","link":"https:\/\/plazajuarez.mx\/historico\/amlo-democrata-o-tirano\/","title":{"rendered":"AMLO: \u00bfdem\u00f3crata o tirano?"},"content":{"rendered":"<p>Leo a Plat\u00f3n y no dej\u00f3 de pensar si adem\u00e1s de referirse a su Rep\u00fablica, no aludir\u00eda, en asombrosa premonici\u00f3n, al M\u00e9xico de hoy<br \/>\u00a0<\/p>\n<p>  <!--more-->  <\/p>\n<p>Los mexicanos tienen otro motivo m\u00e1s para estar enfrentados: la mitad cree que L\u00f3pez Obrador es un dem\u00f3crata y la otra mitad no tiene dudas, por el contrario, que ser\u00e1 un tirano. Mientras el gobierno actual se desliza por el resbaladizo tobog\u00e1n de la corrupci\u00f3n, M\u00e9xico vive una oligarqu\u00eda en donde los ricos tienen el poder del que carecen los pobres. Unos quieren destruir a AMLO por temor, otros quieren ungirlo por ardor.<br \/>Seg\u00fan Plat\u00f3n en su Rep\u00fablica: &#8220;el gobierno se divide en dos estados, es decir, entre los ricos y los pobres. El peque\u00f1o n\u00famero de los primeros y la multitud siempre creciente de los segundos producen inevitablemente la formaci\u00f3n de una especie de ej\u00e9rcito de m\u00e9ndigos y ladrones, resentidos, envidiosos, hostiles, turbulentos, contenidos s\u00f3lo por el temor&#8221;. Las rep\u00fablicas oligarcas en las que existe un insaciable deseo de riqueza hacen que se pase de la oligarqu\u00eda a la democracia. Esto sucede una vez que los dem\u00f3cratas se dan cuenta que son la mayor\u00eda y pueden someter a los oligarcas. &#8220;Un d\u00eda el ej\u00e9rcito de pobres reconoce su fuerza enfrente del peque\u00f1o n\u00famero de ricos y \u2026se apodera del gobierno&#8221;.<br \/>El problema de la democracia como la ve\u00eda Plat\u00f3n, visi\u00f3n compartida actualmente por muchos, es ese &#8220;gobierno encantador, donde nadie manda; una mezcolanza singular, que ha encontrado el medio de establecer la igualdad as\u00ed en las cosas desiguales como en las iguales&#8221;. La libertad que ha hecho nacer a la democracia degenera en el extremo contrario, en la servidumbre, convirti\u00e9ndose as\u00ed la democracia en tiran\u00eda. De esta suerte el dem\u00f3crata, que alguna vez proclam\u00f3 la libertad sobre todas las cosas, se convierte irremediablemente en tirano. Los ejemplos de la historia son abrumadores.<br \/>Para Plat\u00f3n en la democracia hay tres clases de personas que la conforman: (i) los ricos, hombres entendidos y econ\u00f3micos que deben su fortuna al trabajo. Se encuentra (ii) el pueblo que vive de su trabajo y que es en el Estado el verdadero soberano \u2014como lo reconoce la Constituci\u00f3n mexicana: &#8221; La soberan\u00eda nacional reside esencial y originariamente en el pueblo&#8221;\u2014 y (iii) los demagogos o aduladores del pueblo que son unos &#8220;z\u00e1nganos armados de aguij\u00f3n&#8221; y otros igualmente z\u00e1nganos sin aguij\u00f3n, &#8220;todos igualmente desocupados, ambiciosos y prontos a apoderarse de la cosa p\u00fablica&#8221;. Este es el azote de la democracia, el azote que excita al pueblo contra los ricos, provoca su injusticia contra ellos y de esta situaci\u00f3n resultan las protestas secretas y la conspiraci\u00f3n de los ricos contra la democracia.<br \/>La premonici\u00f3n de Plat\u00f3n es aterradora: &#8220;un d\u00eda en que uno de estos z\u00e1nganos armado de aguij\u00f3n, m\u00e1s h\u00e1bil y m\u00e1s atrevido que los dem\u00e1s, se proclama el protector del pueblo y de la democracia amenazada. He aqu\u00ed ya el futuro tirano&#8221;.<br \/>Plat\u00f3n, en busca de la verdad hace hablar a S\u00f3crates para que responda quien ha creado a la mala gente de la oligarqu\u00eda, dado que en los gobiernos olig\u00e1rquicos casi todos los ciudadanos son pobres a excepci\u00f3n de los jefes. La culpa la tienen, sugiere S\u00f3crates, &#8220;la ignorancia, la mala educaci\u00f3n y el vicio mismo del gobierno&#8221;. Ese es &#8220;el car\u00e1cter del Estado olig\u00e1rquico, tales son sus vicios y quiz\u00e1 tiene a\u00fan m\u00e1s&#8221;.<br \/>El tirano lo primero que hace al consolidar su poder es atacar a los ricos y ahuyentarlos y despu\u00e9s la emprende contra los hombres de bien para no tener quien le estorbe en su usurpaci\u00f3n. El tirano termina por acumular un poder sin l\u00edmites y sin oposici\u00f3n. &#8220;Servido por un grupo de malvados como \u00e9l, interesados en el sost\u00e9n de una opresi\u00f3n, que hacen pesar, en provecho suyo, sobre el pueblo entero, y que es la m\u00e1s amarga y la m\u00e1s dura servidumbre&#8221;.<br \/>El tirano, sigue Plat\u00f3n, &#8220;se ve rodeado por una multitud de aduladores, dispuestos a obedecerle en todo; o arrastr\u00e1ndose \u00e9l mismo, cuando tiene necesidad de los dem\u00e1s, no habr\u00e1 otra cosa que no haga para convencerlos de su decidido afecto; pero apenas habr\u00e1 obtenido lo que deseaba, cuando les volver\u00e1 la espalda&#8221;.<br \/>Leo a Plat\u00f3n y no dej\u00f3 de pensar si adem\u00e1s de referirse a su Rep\u00fablica, no aludir\u00eda, 2 mil 400 a\u00f1os antes, en asombrosa premonici\u00f3n, al M\u00e9xico del siglo XXI.<br \/>AMLO: \u00bfdem\u00f3crata o tirano?<br \/>Twitter: @DrMarioMelgarA<br \/>\u00a0<\/p>\n","protected":false},"excerpt":{"rendered":"<p>Leo a Plat\u00f3n y no dej\u00f3 de pensar si adem\u00e1s de referirse a su Rep\u00fablica, no aludir\u00eda, en asombrosa premonici\u00f3n, al M\u00e9xico de hoy\u00a0<\/p>\n","protected":false},"author":93,"featured_media":0,"comment_status":"open","ping_status":"open","sticky":false,"template":"","format":"standard","meta":{"footnotes":""},"categories":[42],"tags":[],"class_list":["post-42613","post","type-post","status-publish","format-standard","hentry","category-nuestrapalabra"],"_links":{"self":[{"href":"https:\/\/plazajuarez.mx\/historico\/wp-json\/wp\/v2\/posts\/42613","targetHints":{"allow":["GET"]}}],"collection":[{"href":"https:\/\/plazajuarez.mx\/historico\/wp-json\/wp\/v2\/posts"}],"about":[{"href":"https:\/\/plazajuarez.mx\/historico\/wp-json\/wp\/v2\/types\/post"}],"author":[{"embeddable":true,"href":"https:\/\/plazajuarez.mx\/historico\/wp-json\/wp\/v2\/users\/93"}],"replies":[{"embeddable":true,"href":"https:\/\/plazajuarez.mx\/historico\/wp-json\/wp\/v2\/comments?post=42613"}],"version-history":[{"count":0,"href":"https:\/\/plazajuarez.mx\/historico\/wp-json\/wp\/v2\/posts\/42613\/revisions"}],"wp:attachment":[{"href":"https:\/\/plazajuarez.mx\/historico\/wp-json\/wp\/v2\/media?parent=42613"}],"wp:term":[{"taxonomy":"category","embeddable":true,"href":"https:\/\/plazajuarez.mx\/historico\/wp-json\/wp\/v2\/categories?post=42613"},{"taxonomy":"post_tag","embeddable":true,"href":"https:\/\/plazajuarez.mx\/historico\/wp-json\/wp\/v2\/tags?post=42613"}],"curies":[{"name":"wp","href":"https:\/\/api.w.org\/{rel}","templated":true}]}}