{"id":42611,"date":"2017-06-08T12:23:46","date_gmt":"2017-06-08T12:23:46","guid":{"rendered":"http:\/\/plazajuarez.mx\/index\/index.php\/2017\/06\/08\/dia-de-la-verdad\/"},"modified":"2017-06-08T12:23:46","modified_gmt":"2017-06-08T12:23:46","slug":"dia-de-la-verdad","status":"publish","type":"post","link":"https:\/\/plazajuarez.mx\/historico\/dia-de-la-verdad\/","title":{"rendered":"D\u00eda de la verdad"},"content":{"rendered":"<p>Vitral Pol\u00edtico<br \/>Las ilegalidades cometidas en los procesos electorales, ser\u00e1n parte de las impugnaciones mutuas, y en este asunto, el que est\u00e9 libre de culpa, &#8220;que tire la primera piedra<br \/>\u00a0<\/p>\n<p>  <!--more-->  <\/p>\n<p>Hoy es el d\u00eda del c\u00f3mputo de votos de las elecciones del domingo 4 de junio, y es uno de muchos pasos de un sistema electoral tortuoso, dise\u00f1ado para impedir el fraude electoral, prop\u00f3sito que no se cumple. <br \/>Salvo Nayarit, donde es inobjetable el primer lugar para la coalici\u00f3n PAN-PRD-PT-PRS, el escenario es de incendio pol\u00edtico en Coahuila, donde Acci\u00f3n Nacional reclama el triunfo contra un PRI que tiene todas las actas de casilla, y asegura haber ganado. El conteo de hoy aclarar\u00e1 las dudas.<br \/>En el Estado de M\u00e9xico, Andr\u00e9s Manuel L\u00f3pez Obrador, quien lidera en todo momento a la candidata de Morena a la gubernatura, Delfina G\u00f3mez \u00c1lvarez, avanza a la impugnaci\u00f3n de resultados.<br \/>Veracruz, con la ca\u00edda del PRI en alcald\u00edas, en castigo haber postulado a Javier Duarte de Ochoa, asiste al conteo de votos en 212 municipios, con quejas del Revolucionario Institucional contra el gobernador Miguel \u00c1ngel Yunes, por haber operado a favor de PAN-PRD.<br \/>El infierno est\u00e1 en Coahuila. El c\u00f3mputo de votos podr\u00e1 presentar complicaciones no vistas antes, por los enredos en las papeletas y actas de casillas. Se reporta que hubo 127 formas de votar por el priista Miguel \u00c1ngel Riquelme, y 15 por el panista Guillermo Anaya Llamas.<br \/>Adem\u00e1s, el presidente nacional del PAN, Ricardo Anaya Cort\u00e9s, tiene dificultades internas, por la derrota en el Estado de M\u00e9xico, donde Josefina V\u00e1zquez Mota cay\u00f3 de la expectativa de triunfo al cuarto lugar, y s\u00f3lo si se alzara con la gubernatura en la tierra de Francisco I. Madero, podr\u00e1 responder a los reproches tempranos de Margarita Zavala y Rafael Moreno Valle, precandidatos presidenciales de que tuvo la culpa del fracaso mexiquense.<br \/>Fue el primer presidente de partido en adjudicarse triunfos, la tarde del domingo: &#8220;tres de cuatro&#8221;, dijo, y sostuvo que bajo su conducci\u00f3n, el PAN est\u00e1 m\u00e1s fuerte hacia el 2018, palabras que pod\u00edan interpretarse como el inicio de su campa\u00f1a. La complicaci\u00f3n del c\u00f3mputo en Coahuila abri\u00f3 falta de certeza, y eso ensombrece el entusiasmo del panista.<br \/>Y sin embargo, en el Estado de M\u00e9xico, hoy se escribe la historia con n\u00fameros: Delfina G\u00f3mez \u00c1lvarez, postulada por Morena, tendr\u00e1 el mayor n\u00famero de votos. Si Alfredo del Mazo Maza hubiera competido solo por el PRI, habr\u00eda quedado en segundo lugar, pero la remonta con los conteos sumados del PVEM, Nueva Alianza y Encuentro Social.<br \/>Las ilegalidades cometidas en los procesos electorales, ser\u00e1n parte de las impugnaciones mutuas, y en este asunto, el que est\u00e9 libre de culpa, &#8220;que tire la primera piedra&#8221;&#8230;<br \/>VENTANAL.\u2014 El delegado del CEN del PRI en el Estado de M\u00e9xico, el senador Ismael Hern\u00e1ndez Deras, es considerado en su partido como uno de los actores que puso su parte en el resultado del trabajo en equipo, el domingo&#8230;<br \/>OSCURIDAD.\u2014 El presidente de la Junta de Coordinaci\u00f3n Pol\u00edtica (Jucopo) del Senado, Fernando Herrera \u00c1vila, declar\u00f3 ausentes las condiciones para un periodo extraordinario de sesiones del Congreso de la Uni\u00f3n, y a ello, de inmediato el presidente de la mesa directiva, el senador Pablo Escudero Morales reaccion\u00f3 con una b\u00fasqueda telef\u00f3nica del panista, al que encontr\u00f3 en Coahuila, ocupado en la defensa de la causa del PAN en la disputa poselectoral la gubernatura. Escudero llam\u00f3 a que los senadores regresen a sus esca\u00f1os al trabajo en los temas que interesan a la gente. El hecho es que la espectativa de aprobar leyes en este mes de junio, ya se esfum\u00f3&#8230;<br \/>VITRAL SOCIAL&#8211; En el 01 800 553 3000, la CNDH toma denuncia de violaciones a derechos humanos\u2026<br \/>\u00a0<\/p>\n","protected":false},"excerpt":{"rendered":"<p>Vitral Pol\u00edticoLas ilegalidades cometidas en los procesos electorales, ser\u00e1n parte de las impugnaciones mutuas, y en este asunto, el que est\u00e9 libre de culpa, &#8220;que tire la primera piedra\u00a0<\/p>\n","protected":false},"author":93,"featured_media":0,"comment_status":"open","ping_status":"open","sticky":false,"template":"","format":"standard","meta":{"footnotes":""},"categories":[42],"tags":[],"class_list":["post-42611","post","type-post","status-publish","format-standard","hentry","category-nuestrapalabra"],"_links":{"self":[{"href":"https:\/\/plazajuarez.mx\/historico\/wp-json\/wp\/v2\/posts\/42611","targetHints":{"allow":["GET"]}}],"collection":[{"href":"https:\/\/plazajuarez.mx\/historico\/wp-json\/wp\/v2\/posts"}],"about":[{"href":"https:\/\/plazajuarez.mx\/historico\/wp-json\/wp\/v2\/types\/post"}],"author":[{"embeddable":true,"href":"https:\/\/plazajuarez.mx\/historico\/wp-json\/wp\/v2\/users\/93"}],"replies":[{"embeddable":true,"href":"https:\/\/plazajuarez.mx\/historico\/wp-json\/wp\/v2\/comments?post=42611"}],"version-history":[{"count":0,"href":"https:\/\/plazajuarez.mx\/historico\/wp-json\/wp\/v2\/posts\/42611\/revisions"}],"wp:attachment":[{"href":"https:\/\/plazajuarez.mx\/historico\/wp-json\/wp\/v2\/media?parent=42611"}],"wp:term":[{"taxonomy":"category","embeddable":true,"href":"https:\/\/plazajuarez.mx\/historico\/wp-json\/wp\/v2\/categories?post=42611"},{"taxonomy":"post_tag","embeddable":true,"href":"https:\/\/plazajuarez.mx\/historico\/wp-json\/wp\/v2\/tags?post=42611"}],"curies":[{"name":"wp","href":"https:\/\/api.w.org\/{rel}","templated":true}]}}