{"id":42468,"date":"2017-06-06T04:27:19","date_gmt":"2017-06-06T04:27:19","guid":{"rendered":"http:\/\/plazajuarez.mx\/index\/index.php\/2017\/06\/06\/alemania-retirara-tropas-de-base-turca-de-la-otan\/"},"modified":"2017-06-06T04:27:19","modified_gmt":"2017-06-06T04:27:19","slug":"alemania-retirara-tropas-de-base-turca-de-la-otan","status":"publish","type":"post","link":"https:\/\/plazajuarez.mx\/historico\/alemania-retirara-tropas-de-base-turca-de-la-otan\/","title":{"rendered":"Alemania retirar\u00e1 tropas de base turca de la OTAN"},"content":{"rendered":"<p>Empeoran las relaciones entre ambos pa\u00edses<\/p>\n<p>  <!--more-->  <\/p>\n<p>Ankara impide a parlamentarios alemanes visitar a sus soldados y pide que Berl\u00edn extradite a los presuntos militares golpistas refugiados en territorio germano<br \/>A pesar de la gravedad del encontronazo, el tono de Gabriel fue comedido y destac\u00f3 despu\u00e9s a trav\u00e9s de Twitter el inter\u00e9s mutuo en que las relaciones germano-turcas mejoren. Berl\u00edn quiere evitar a toda costa una crisis de mayor calado con Turqu\u00eda, en especial en este momento, con la cumbre del G-20 a las puertas, de la que Alemania es anfitriona y a la que tambi\u00e9n acude Turqu\u00eda.<br \/>Las relaciones entre Turqu\u00eda y Alemania pasan por uno de sus momentos m\u00e1s delicados y la visita, ayer, del ministro de Exteriores germano, Sigmar Gabriel, a su hom\u00f3logo turco, Mevl\u00fct \u00c7avusoglu, no ha logrado enderezarlas. <br \/>No se han producido avances en pr\u00e1cticamente ninguno de los temas que separan a ambos pa\u00edses que comparten lazos hist\u00f3ricos y una importante balanza comercial. El choque principal concierne a los 250 soldados alemanes estacionados en la base turca de Incirlik. Gabriel exigi\u00f3 de nuevo a Turqu\u00eda que permita la visita de parlamentarios alemanes a la base. Ankara no ha cedido y Berl\u00edn anunci\u00f3 que ordenar\u00e1 la retirada de sus tropas, a no ser que se produzcan cambios en los pr\u00f3ximos d\u00edas.<br \/>En esta base de la OTAN, residen unos 260 militares germanos que manejan cazo Tornado en misiones de vigilancia a\u00e9rea sobre Siria y en labores de repostaje para otros pa\u00edses de la coalici\u00f3n internacional contra el Estado Isl\u00e1mico que lidera EU. \u201cMi hom\u00f3logo turco me ha explicado que en la situaci\u00f3n actual no puede permitir la visita de parlamentarios a Incirlik, por razones de pol\u00edtica interna\u201d, indic\u00f3 Gabriel tras la reuni\u00f3n a los periodistas. Y sigui\u00f3 \u201cYo le he pedido que comprenda que nosotros por razones de pol\u00edtica interna debemos sacar nuestros soldados de Incirlik, porque el Ej\u00e9rcito alem\u00e1n es parlamentario y los diputados deben ser capaces de visitar a las tropas en cualquier momento\u201d. Ankara exige la extradici\u00f3n de presuntos golpistas que han obtenido refugio en Alemania.<\/p>\n","protected":false},"excerpt":{"rendered":"<p>Empeoran las relaciones entre ambos pa\u00edses<\/p>\n","protected":false},"author":93,"featured_media":0,"comment_status":"open","ping_status":"open","sticky":false,"template":"","format":"standard","meta":{"footnotes":""},"categories":[31],"tags":[],"class_list":["post-42468","post","type-post","status-publish","format-standard","hentry","category-orbe"],"_links":{"self":[{"href":"https:\/\/plazajuarez.mx\/historico\/wp-json\/wp\/v2\/posts\/42468","targetHints":{"allow":["GET"]}}],"collection":[{"href":"https:\/\/plazajuarez.mx\/historico\/wp-json\/wp\/v2\/posts"}],"about":[{"href":"https:\/\/plazajuarez.mx\/historico\/wp-json\/wp\/v2\/types\/post"}],"author":[{"embeddable":true,"href":"https:\/\/plazajuarez.mx\/historico\/wp-json\/wp\/v2\/users\/93"}],"replies":[{"embeddable":true,"href":"https:\/\/plazajuarez.mx\/historico\/wp-json\/wp\/v2\/comments?post=42468"}],"version-history":[{"count":0,"href":"https:\/\/plazajuarez.mx\/historico\/wp-json\/wp\/v2\/posts\/42468\/revisions"}],"wp:attachment":[{"href":"https:\/\/plazajuarez.mx\/historico\/wp-json\/wp\/v2\/media?parent=42468"}],"wp:term":[{"taxonomy":"category","embeddable":true,"href":"https:\/\/plazajuarez.mx\/historico\/wp-json\/wp\/v2\/categories?post=42468"},{"taxonomy":"post_tag","embeddable":true,"href":"https:\/\/plazajuarez.mx\/historico\/wp-json\/wp\/v2\/tags?post=42468"}],"curies":[{"name":"wp","href":"https:\/\/api.w.org\/{rel}","templated":true}]}}