{"id":42464,"date":"2017-06-06T04:24:16","date_gmt":"2017-06-06T04:24:16","guid":{"rendered":"http:\/\/plazajuarez.mx\/index\/index.php\/2017\/06\/06\/fallece-ana-winocour-ex-conductora-de-tv-azteca\/"},"modified":"2017-06-06T04:24:16","modified_gmt":"2017-06-06T04:24:16","slug":"fallece-ana-winocour-ex-conductora-de-tv-azteca","status":"publish","type":"post","link":"https:\/\/plazajuarez.mx\/historico\/fallece-ana-winocour-ex-conductora-de-tv-azteca\/","title":{"rendered":"Fallece Ana Winocour, ex conductora de Tv Azteca"},"content":{"rendered":"<p>Algunas versiones se\u00f1alan que la periodista sufr\u00eda pancreatitis<\/p>\n<p>  <!--more-->  <\/p>\n<p>La comunicadora Ana Winocur, quien fue por a\u00f1os conductora del noticiario de TV Azteca &#8220;Hechos Meridiano&#8221;, falleci\u00f3 este lunes por razones que a\u00fan no han sido aclaradas.<br \/>Algunas versiones se\u00f1alan que la exconductora de televisi\u00f3n sufr\u00eda una pancreatitis que la hab\u00eda mantenido hospitalizada por d\u00edas.<br \/>Otra conductora de TV Azteca, Lily T\u00e9llez, dio a conocer la noticia en Twitter, y m\u00e1s personalidades de esa empresa de televisi\u00f3n han ofrecido sus condolencias a la familia de Winocur.<br \/>\u00a0Winocur fue parte de los noticiarios de TV Azteca en formatos como &#8220;Hechos 7&#8221; y &#8220;Hechos S\u00e1bado&#8221; desde mediados de los a\u00f1os noventa hasta 2011.<\/p>\n","protected":false},"excerpt":{"rendered":"<p>Algunas versiones se\u00f1alan que la periodista sufr\u00eda pancreatitis<\/p>\n","protected":false},"author":93,"featured_media":0,"comment_status":"open","ping_status":"open","sticky":false,"template":"","format":"standard","meta":{"footnotes":""},"categories":[38],"tags":[],"class_list":["post-42464","post","type-post","status-publish","format-standard","hentry","category-show"],"_links":{"self":[{"href":"https:\/\/plazajuarez.mx\/historico\/wp-json\/wp\/v2\/posts\/42464","targetHints":{"allow":["GET"]}}],"collection":[{"href":"https:\/\/plazajuarez.mx\/historico\/wp-json\/wp\/v2\/posts"}],"about":[{"href":"https:\/\/plazajuarez.mx\/historico\/wp-json\/wp\/v2\/types\/post"}],"author":[{"embeddable":true,"href":"https:\/\/plazajuarez.mx\/historico\/wp-json\/wp\/v2\/users\/93"}],"replies":[{"embeddable":true,"href":"https:\/\/plazajuarez.mx\/historico\/wp-json\/wp\/v2\/comments?post=42464"}],"version-history":[{"count":0,"href":"https:\/\/plazajuarez.mx\/historico\/wp-json\/wp\/v2\/posts\/42464\/revisions"}],"wp:attachment":[{"href":"https:\/\/plazajuarez.mx\/historico\/wp-json\/wp\/v2\/media?parent=42464"}],"wp:term":[{"taxonomy":"category","embeddable":true,"href":"https:\/\/plazajuarez.mx\/historico\/wp-json\/wp\/v2\/categories?post=42464"},{"taxonomy":"post_tag","embeddable":true,"href":"https:\/\/plazajuarez.mx\/historico\/wp-json\/wp\/v2\/tags?post=42464"}],"curies":[{"name":"wp","href":"https:\/\/api.w.org\/{rel}","templated":true}]}}