{"id":42460,"date":"2017-06-06T03:59:31","date_gmt":"2017-06-06T03:59:31","guid":{"rendered":"http:\/\/plazajuarez.mx\/index\/index.php\/2017\/06\/06\/dylan-cobrara-los-820-000-euros-del-nobel-tras-enviar-su-discurso-a-la-academia-sueca\/"},"modified":"2017-06-06T03:59:31","modified_gmt":"2017-06-06T03:59:31","slug":"dylan-cobrara-los-820-000-euros-del-nobel-tras-enviar-su-discurso-a-la-academia-sueca","status":"publish","type":"post","link":"https:\/\/plazajuarez.mx\/historico\/dylan-cobrara-los-820-000-euros-del-nobel-tras-enviar-su-discurso-a-la-academia-sueca\/","title":{"rendered":"Dylan cobrar\u00e1 los 820.000 euros del Nobel tras enviar su discurso a la Academia sueca"},"content":{"rendered":"<p>En su discurso, el m\u00fasico, cantante y poeta estadounidense hace referencia a Buddy Holly y cita las tres novelas a las que se siente unido desde que las ley\u00f3 en la escuela: &#8216;Moby Dick&#8217;, &#8216;Sin novedad en el frente&#8217; y &#8216;La odisea&#8217;.<\/p>\n<p>  <!--more-->  <\/p>\n<p>El artista Bob Dylan podr\u00e1 cobrar los alrededor de 820.000 euros\u00a0 con los que est\u00e1 dotado el Nobel de Literatura que la Academia Sueca le concedi\u00f3, despu\u00e9s de que el m\u00fasico, cantante y poeta estadounidense haya enviado su discurso de agradecimiento que la Academia ha colgado en su web.<br \/>Dylan ten\u00eda hasta este s\u00e1bado 10 de junio como fecha l\u00edmite para enviar este texto con el que responde a este fallo, anunciado el pasado mes de octubre y con el que la Academia reconoce al m\u00fasico por crear &#8220;una nueva expresi\u00f3n po\u00e9tica de la m\u00fasica popular americana&#8221;.<br \/>El tambi\u00e9n poeta no acudi\u00f3 a la ceremonia de entrega de los premios celebrada el pasado mes de diciembre y en su lugar asisti\u00f3 la tambi\u00e9n artista Patti Smith. Posteriormente, en abril, Dylan asisti\u00f3 a una ceremonia privada en Estocolmo donde recibi\u00f3, con casi cuatro meses de retraso, el premio m\u00e1s importante de literatura.<br \/>En este discurso, que la Academia Sueca puso el d\u00eda de ayer en su p\u00e1gina web, tanto en texto como en youtube, con la voz del premiado, Dylan hace referencia a Buddy Holly, a quien sinti\u00f3 como una especie de &#8220;hermano mayor&#8221; y cita tambi\u00e9n las tres novelas a las que se siente unido desde que las ley\u00f3 en la escuela: Moby Dick, de Herman Melville, Sin novedad en el frente&#8217; de Erih Maria Remarque, y La odisea&#8217; de Homero.<br \/>&#8220;Nuestras canciones est\u00e1n vivas en la tierra de los vivos. Pero las canciones son diferentes a la literatura. Est\u00e1n destinados a ser cantadas, no le\u00eddas. Las palabras en las obras de Shakespeare estaban destinadas ser interpretadas en el escenario. As\u00ed como las letras de canciones est\u00e1n destinadas a ser cantadas, no se lee en una p\u00e1gina&#8221;, indica el artista en su texto.<br \/>&#8220;Y espero que algunos de ustedes tengan la oportunidad de escuchar estas letras de la forma en que fueron destinados a ser escuchadas: en concierto o grabadas o como sea que la gente est\u00e1 escuchando canciones en estos d\u00edas&#8221;, concluye Dylan.<\/p>\n","protected":false},"excerpt":{"rendered":"<p>En su discurso, el m\u00fasico, cantante y poeta estadounidense hace referencia a Buddy Holly y cita las tres novelas a las que se siente unido desde que las ley\u00f3 en la escuela: &#8216;Moby Dick&#8217;, &#8216;Sin novedad en el frente&#8217; y &#8216;La odisea&#8217;.<\/p>\n","protected":false},"author":93,"featured_media":0,"comment_status":"open","ping_status":"open","sticky":false,"template":"","format":"standard","meta":{"footnotes":""},"categories":[41],"tags":[],"class_list":["post-42460","post","type-post","status-publish","format-standard","hentry","category-arteria-cultural"],"_links":{"self":[{"href":"https:\/\/plazajuarez.mx\/historico\/wp-json\/wp\/v2\/posts\/42460","targetHints":{"allow":["GET"]}}],"collection":[{"href":"https:\/\/plazajuarez.mx\/historico\/wp-json\/wp\/v2\/posts"}],"about":[{"href":"https:\/\/plazajuarez.mx\/historico\/wp-json\/wp\/v2\/types\/post"}],"author":[{"embeddable":true,"href":"https:\/\/plazajuarez.mx\/historico\/wp-json\/wp\/v2\/users\/93"}],"replies":[{"embeddable":true,"href":"https:\/\/plazajuarez.mx\/historico\/wp-json\/wp\/v2\/comments?post=42460"}],"version-history":[{"count":0,"href":"https:\/\/plazajuarez.mx\/historico\/wp-json\/wp\/v2\/posts\/42460\/revisions"}],"wp:attachment":[{"href":"https:\/\/plazajuarez.mx\/historico\/wp-json\/wp\/v2\/media?parent=42460"}],"wp:term":[{"taxonomy":"category","embeddable":true,"href":"https:\/\/plazajuarez.mx\/historico\/wp-json\/wp\/v2\/categories?post=42460"},{"taxonomy":"post_tag","embeddable":true,"href":"https:\/\/plazajuarez.mx\/historico\/wp-json\/wp\/v2\/tags?post=42460"}],"curies":[{"name":"wp","href":"https:\/\/api.w.org\/{rel}","templated":true}]}}