{"id":42457,"date":"2017-06-05T21:36:39","date_gmt":"2017-06-05T21:36:39","guid":{"rendered":"http:\/\/plazajuarez.mx\/index\/index.php\/2017\/06\/05\/hidalgo-se-suma-al-programa-para-mejorar-la-calidad-del-aire\/"},"modified":"2017-06-05T21:36:39","modified_gmt":"2017-06-05T21:36:39","slug":"hidalgo-se-suma-al-programa-para-mejorar-la-calidad-del-aire","status":"publish","type":"post","link":"https:\/\/plazajuarez.mx\/historico\/hidalgo-se-suma-al-programa-para-mejorar-la-calidad-del-aire\/","title":{"rendered":"Hidalgo se suma al programa para mejorar la calidad del aire"},"content":{"rendered":"<p style=\"text-align: justify;\">El impulso de una agenda de desarrollo sostenible es muestra de la determinaci\u00f3n que tiene el gobierno de Omar Fayad para garantizar la protecci\u00f3n del planeta y sus recursos naturales, misma que fue ratificada en el D\u00eda mundial del Medio Ambiente.<\/p>\n<p>  <!--more-->  <\/p>\n<p style=\"text-align: justify;\">As\u00ed qued\u00f3 de manifiesto en las instalaciones del Parque Ecol\u00f3gico Cubitos,\u00a0 tras la incorporaci\u00f3n de Hidalgo al Programa de Mejoramiento de la Calidad del Aire (Proaire 2016-2024) con la firma de un convenio entre Cuauht\u00e9moc Ochoa Fern\u00e1ndez, subsecretario de Fomento y Normatividad Ambiental, del gobierno federal y Benjam\u00edn Rico Moreno, Secretario de Medio Ambiente y Recursos Naturales del estado (Semarnath); que establece compromisos y responsabilidades interinstitucionales en materia de prevenci\u00f3n y control de la contaminaci\u00f3n atmosf\u00e9rica.<\/p>\n<p style=\"text-align: justify;\">Cuauht\u00e9moc Ochoa consider\u00f3 que &#8220;todos somos responsables por el medio ambiente, desde el cuidado del aire, del campo, y sobre todo de nuestros recursos naturales&#8221;, ah\u00ed radica, dijo, la trascendencia de la firma de este convenio, pues establece compromisos y responsabilidades claras entre los tres \u00f3rdenes de gobierno para tal efecto.<\/p>\n<p style=\"text-align: justify;\">El funcionario federal se\u00f1al\u00f3 que bajo este programa se dise\u00f1aron estrategias a mediano y largo plazo que deben impactar positivamente en la forma de vida de sus habitantes, de ah\u00ed la importancia de que los gobiernos estatales, como es el caso de Hidalgo, se preocupen por atender estas tem\u00e1ticas.<\/p>\n<p style=\"text-align: justify;\">Benjam\u00edn Rico Moreno dijo que con la implementaci\u00f3n del Proaire, Hidalgo se suma al esfuerzo que se hace en varias regiones del mundo para hacer frente al cambio clim\u00e1tico y el calentamiento global, con acciones que tienen que ser tomadas en cuenta por industrias o que resultan claves para la mejora de la movilidad, el aprovechamiento de nuevas fuentes de energ\u00eda y el ahorro de energ\u00eda.<\/p>\n<p style=\"text-align: justify;\">Proaire est\u00e1 integrado por cuatro ejes estrat\u00e9gicos y 23 medidas, que contemplan entre otras cosas, reducir las emisiones provenientes de fuentes fijas, m\u00f3viles, \u00e1reas, as\u00ed como el fortalecimiento institucional a fin de mantener actualizado el inventario de emisiones.<\/p>\n<p style=\"text-align: justify;\">A efecto de este \u00faltimo, durante la signa del convenio fue presentado tambi\u00e9n el inventario correspondiente a la regi\u00f3n, el cual permitir\u00e1 identificar la cantidad estimada de contaminaci\u00f3n que emite el sector industrial, el parque vehicular y las generadas por actividades comerciales, de servicios, casas habitaci\u00f3n y fen\u00f3menos naturales como la erosi\u00f3n del suelo.<\/p>\n<p style=\"text-align: justify;\">La implementaci\u00f3n del programa de gesti\u00f3n\u00a0 de calidad del aire estar\u00e1 a cargo de un Comit\u00e9 N\u00facleo integrado por autoridades municipales, estatales y federales de diferentes ramos, que atender\u00e1n y evaluar\u00e1n el avance del cumplimento de las pol\u00edticas p\u00fablicas ambientales.<\/p>\n","protected":false},"excerpt":{"rendered":"<p>El impulso de una agenda de desarrollo sostenible es muestra de la determinaci\u00f3n que tiene el gobierno de Omar Fayad para garantizar la protecci\u00f3n del planeta y sus recursos naturales, misma que fue ratificada en el D\u00eda mundial del Medio Ambiente.<\/p>\n","protected":false},"author":6,"featured_media":0,"comment_status":"open","ping_status":"open","sticky":false,"template":"","format":"standard","meta":{"footnotes":""},"categories":[59],"tags":[],"class_list":["post-42457","post","type-post","status-publish","format-standard","hentry","category-general"],"_links":{"self":[{"href":"https:\/\/plazajuarez.mx\/historico\/wp-json\/wp\/v2\/posts\/42457","targetHints":{"allow":["GET"]}}],"collection":[{"href":"https:\/\/plazajuarez.mx\/historico\/wp-json\/wp\/v2\/posts"}],"about":[{"href":"https:\/\/plazajuarez.mx\/historico\/wp-json\/wp\/v2\/types\/post"}],"author":[{"embeddable":true,"href":"https:\/\/plazajuarez.mx\/historico\/wp-json\/wp\/v2\/users\/6"}],"replies":[{"embeddable":true,"href":"https:\/\/plazajuarez.mx\/historico\/wp-json\/wp\/v2\/comments?post=42457"}],"version-history":[{"count":0,"href":"https:\/\/plazajuarez.mx\/historico\/wp-json\/wp\/v2\/posts\/42457\/revisions"}],"wp:attachment":[{"href":"https:\/\/plazajuarez.mx\/historico\/wp-json\/wp\/v2\/media?parent=42457"}],"wp:term":[{"taxonomy":"category","embeddable":true,"href":"https:\/\/plazajuarez.mx\/historico\/wp-json\/wp\/v2\/categories?post=42457"},{"taxonomy":"post_tag","embeddable":true,"href":"https:\/\/plazajuarez.mx\/historico\/wp-json\/wp\/v2\/tags?post=42457"}],"curies":[{"name":"wp","href":"https:\/\/api.w.org\/{rel}","templated":true}]}}