{"id":42456,"date":"2017-06-05T21:22:46","date_gmt":"2017-06-05T21:22:46","guid":{"rendered":"http:\/\/plazajuarez.mx\/index\/index.php\/2017\/06\/05\/descarta-procurador-necesidad-de-alerta-de-genero-en-hidalgo\/"},"modified":"2017-06-05T21:22:46","modified_gmt":"2017-06-05T21:22:46","slug":"descarta-procurador-necesidad-de-alerta-de-genero-en-hidalgo","status":"publish","type":"post","link":"https:\/\/plazajuarez.mx\/historico\/descarta-procurador-necesidad-de-alerta-de-genero-en-hidalgo\/","title":{"rendered":"Descarta procurador necesidad de alerta de g\u00e9nero en Hidalgo"},"content":{"rendered":"<p style=\"text-align: justify;\">El procurador de Justicia del Estado de Hidalgo, Javier Ramiro Lara Salinas, descart\u00f3 la necesidad de que el gobierno del estado solicite una alerta de g\u00e9nero, tal como lo ha pedido la bancada panista en el Congreso local, al asegurar que se han incrementado los \u00edndices de violencia en contra de las mujeres.<\/p>\n<p>  <!--more-->  <\/p>\n<p style=\"text-align: justify;\">De acuerdo con el fiscal, la Procuradur\u00eda de Justicia tiene \u00fanicamente ocho casos de presunto delito de feminicidio, sin embargo, dijo, aunque fuera s\u00f3lo uno de ellos se debe de trabajar para evitar que crezca la violencia de g\u00e9nero.<\/p>\n<p style=\"text-align: justify;\">Hace algunas semanas los diputados del Partido Acci\u00f3n Nacional pidieron en tribuna que la Comisi\u00f3n de Derechos Humanos solicitara la alerta de g\u00e9nero ya que, de acuerdo con activistas, se tiene un registro de hasta 32 posibles feminicidios.<\/p>\n<p style=\"text-align: justify;\">Sin embargo Lara Salinas destac\u00f3 que incluso se registra una leve minor\u00eda respecto a otros a\u00f1os a contabilizarse s\u00f3lo ocho casos a la fecha. Esta cifra es opuesta a la presentada por la organizaci\u00f3n Servicio de Inclusi\u00f3n Integral (Seinac), que en el primer trimestre del a\u00f1o ya registraba 12 casos.<\/p>\n<p style=\"text-align: justify;\">Pese a ello el procurador afirm\u00f3 que no hay necesidad de que se pida la alerta ya que la Procuradur\u00eda est\u00e1 dando resultados, &#8220;mientras sigamos dando los resultados, que estamos dando, no veo necesaria la alerta de g\u00e9nero&#8221;.<\/p>\n<p style=\"text-align: justify;\">Consider\u00f3 que no se le se debe de imponer a la entidad una alerta de g\u00e9nero ya que se est\u00e1 trabajando y se est\u00e1n dando resultados, tambi\u00e9n dijo que no puede opinar si la solicitud de los diputados del partido Acci\u00f3n Nacional es un tema \u00fanicamente pol\u00edtico.<\/p>\n","protected":false},"excerpt":{"rendered":"<p>El procurador de Justicia del Estado de Hidalgo, Javier Ramiro Lara Salinas, descart\u00f3 la necesidad de que el gobierno del estado solicite una alerta de g\u00e9nero, tal como lo ha pedido la bancada panista en el Congreso local, al asegurar que se han incrementado los \u00edndices de violencia en contra de las mujeres.<\/p>\n","protected":false},"author":6,"featured_media":0,"comment_status":"open","ping_status":"open","sticky":false,"template":"","format":"standard","meta":{"footnotes":""},"categories":[59],"tags":[],"class_list":["post-42456","post","type-post","status-publish","format-standard","hentry","category-general"],"_links":{"self":[{"href":"https:\/\/plazajuarez.mx\/historico\/wp-json\/wp\/v2\/posts\/42456","targetHints":{"allow":["GET"]}}],"collection":[{"href":"https:\/\/plazajuarez.mx\/historico\/wp-json\/wp\/v2\/posts"}],"about":[{"href":"https:\/\/plazajuarez.mx\/historico\/wp-json\/wp\/v2\/types\/post"}],"author":[{"embeddable":true,"href":"https:\/\/plazajuarez.mx\/historico\/wp-json\/wp\/v2\/users\/6"}],"replies":[{"embeddable":true,"href":"https:\/\/plazajuarez.mx\/historico\/wp-json\/wp\/v2\/comments?post=42456"}],"version-history":[{"count":0,"href":"https:\/\/plazajuarez.mx\/historico\/wp-json\/wp\/v2\/posts\/42456\/revisions"}],"wp:attachment":[{"href":"https:\/\/plazajuarez.mx\/historico\/wp-json\/wp\/v2\/media?parent=42456"}],"wp:term":[{"taxonomy":"category","embeddable":true,"href":"https:\/\/plazajuarez.mx\/historico\/wp-json\/wp\/v2\/categories?post=42456"},{"taxonomy":"post_tag","embeddable":true,"href":"https:\/\/plazajuarez.mx\/historico\/wp-json\/wp\/v2\/tags?post=42456"}],"curies":[{"name":"wp","href":"https:\/\/api.w.org\/{rel}","templated":true}]}}