{"id":42455,"date":"2017-06-05T20:53:32","date_gmt":"2017-06-05T20:53:32","guid":{"rendered":"http:\/\/plazajuarez.mx\/index\/index.php\/2017\/06\/05\/pan-impugnara-eleccion-en-edomex-advierte-coordinador-en-senado\/"},"modified":"2017-06-05T20:53:32","modified_gmt":"2017-06-05T20:53:32","slug":"pan-impugnara-eleccion-en-edomex-advierte-coordinador-en-senado","status":"publish","type":"post","link":"https:\/\/plazajuarez.mx\/historico\/pan-impugnara-eleccion-en-edomex-advierte-coordinador-en-senado\/","title":{"rendered":"PAN impugnar\u00e1 elecci\u00f3n en Edomex, advierte coordinador en Senado"},"content":{"rendered":"<p style=\"text-align: justify;\">El coordinador del Partido Acci\u00f3n Nacional (PAN) en el Senado, Fernando Herrara, asegur\u00f3 que debido al desaseo que se present\u00f3 en la elecci\u00f3n del Estado de M\u00e9xico, Acci\u00f3n Nacional impugnar\u00e1 los resultados de los comicios para gobernador.<\/p>\n<p>  <!--more-->  <\/p>\n<p style=\"text-align: justify;\">Herrera \u00c1vila dijo que su partido analiza los argumentos legales para presentar el recurso de impugnaci\u00f3n ante las autoridades electorales, pues en la entidad mexiquense, asever\u00f3, se dio una elecci\u00f3n de Estado.<\/p>\n<p style=\"text-align: justify;\">&#8220;Nosotros no tenemos elemento alguno para avalar lo que ocurri\u00f3 en el estado de M\u00e9xico. Creemos que es un desprop\u00f3sito, es una vuelta al pasado, y de ninguna manera convalidaremos un supuesto resultado basado en la presi\u00f3n, el chantaje, el uso desmedido de las fuerzas del gobierno al servicio de un partido pol\u00edtico&#8221;.<\/p>\n<p style=\"text-align: justify;\">Consider\u00f3 que ayer domingo en el Estado de M\u00e9xico hubo un &#8220;aut\u00e9ntico cochinero&#8221;, por lo que \u2013insisti\u00f3- no hay raz\u00f3n alguna que lleve a convalidar los resultados, cuando estos no son producto de un ejercicio democr\u00e1tico.<\/p>\n","protected":false},"excerpt":{"rendered":"<p>El coordinador del Partido Acci\u00f3n Nacional (PAN) en el Senado, Fernando Herrara, asegur\u00f3 que debido al desaseo que se present\u00f3 en la elecci\u00f3n del Estado de M\u00e9xico, Acci\u00f3n Nacional impugnar\u00e1 los resultados de los comicios para gobernador.<\/p>\n","protected":false},"author":6,"featured_media":0,"comment_status":"open","ping_status":"open","sticky":false,"template":"","format":"standard","meta":{"footnotes":""},"categories":[36],"tags":[],"class_list":["post-42455","post","type-post","status-publish","format-standard","hentry","category-nacion"],"_links":{"self":[{"href":"https:\/\/plazajuarez.mx\/historico\/wp-json\/wp\/v2\/posts\/42455","targetHints":{"allow":["GET"]}}],"collection":[{"href":"https:\/\/plazajuarez.mx\/historico\/wp-json\/wp\/v2\/posts"}],"about":[{"href":"https:\/\/plazajuarez.mx\/historico\/wp-json\/wp\/v2\/types\/post"}],"author":[{"embeddable":true,"href":"https:\/\/plazajuarez.mx\/historico\/wp-json\/wp\/v2\/users\/6"}],"replies":[{"embeddable":true,"href":"https:\/\/plazajuarez.mx\/historico\/wp-json\/wp\/v2\/comments?post=42455"}],"version-history":[{"count":0,"href":"https:\/\/plazajuarez.mx\/historico\/wp-json\/wp\/v2\/posts\/42455\/revisions"}],"wp:attachment":[{"href":"https:\/\/plazajuarez.mx\/historico\/wp-json\/wp\/v2\/media?parent=42455"}],"wp:term":[{"taxonomy":"category","embeddable":true,"href":"https:\/\/plazajuarez.mx\/historico\/wp-json\/wp\/v2\/categories?post=42455"},{"taxonomy":"post_tag","embeddable":true,"href":"https:\/\/plazajuarez.mx\/historico\/wp-json\/wp\/v2\/tags?post=42455"}],"curies":[{"name":"wp","href":"https:\/\/api.w.org\/{rel}","templated":true}]}}