{"id":42454,"date":"2017-06-05T20:43:40","date_gmt":"2017-06-05T20:43:40","guid":{"rendered":"http:\/\/plazajuarez.mx\/index\/index.php\/2017\/06\/05\/sedeso-fortalecera-infraestructura-en-regiones-indigenas\/"},"modified":"2017-06-05T20:43:40","modified_gmt":"2017-06-05T20:43:40","slug":"sedeso-fortalecera-infraestructura-en-regiones-indigenas","status":"publish","type":"post","link":"https:\/\/plazajuarez.mx\/historico\/sedeso-fortalecera-infraestructura-en-regiones-indigenas\/","title":{"rendered":"Sedeso fortalecer\u00e1 infraestructura en regiones ind\u00edgenas"},"content":{"rendered":"<p style=\"text-align: justify;\">Con el objetivo de dotar a los pueblos y comunidades ind\u00edgenas de la infraestructura b\u00e1sica y espacios de vivienda que les permita llevar una vida digna, la Secretar\u00eda de Desarrollo Social (Sedeso) tiene programadas 40 obras de infraestructura b\u00e1sica y 22 estudios y proyectos en 24 municipios como parte del ejercicio 2017.<\/p>\n<p>  <!--more-->  <\/p>\n<p style=\"text-align: justify;\">Con la instrucci\u00f3n del titular de la Sedeso, Daniel Rolando Jim\u00e9nez Rojo, de priorizar la atenci\u00f3n de los pueblos originarios en nuestra entidad, la Direcci\u00f3n General de Atenci\u00f3n a Ind\u00edgenas ya trabaja en las regiones\u00a0 Huasteca, Otom\u00ed-Tepehua, Valle del Mezquital, Sierra Gorda y Sierra Alta con el Programa de Infraestructura Ind\u00edgena.<\/p>\n<p style=\"text-align: justify;\">Con estas acciones se tiene registrado que se beneficiar\u00e1 a m\u00e1s de 40 mil personas de 74 comunidades en 24 municipios con poblaci\u00f3n ind\u00edgena y se invertir\u00e1n m\u00e1s de 232 millones 924 mil pesos, principalmente en obras de acceso a alcantarillado sanitario y dotaci\u00f3n de agua potable.<\/p>\n<p style=\"text-align: justify;\">A trav\u00e9s del Programa de Infraestructura Ind\u00edgena se promueven y ejecutan acciones para apoyar a que las familias ind\u00edgenas tengan lo que necesitan y se contribuya al abatimiento del rezago en materia de infraestructura b\u00e1sica en colaboraci\u00f3n interinstitucional de dependencias federales y estatales.<\/p>\n<p style=\"text-align: justify;\">Es compromiso de la administraci\u00f3n del gobernador, Omar Fayad, abatir los indicadores de pobreza en la entidad y es por ello que se realizar\u00e1n estas acciones estrat\u00e9gicas que ayudar\u00e1n a cumplir con esa meta.<\/p>\n","protected":false},"excerpt":{"rendered":"<p>Con el objetivo de dotar a los pueblos y comunidades ind\u00edgenas de la infraestructura b\u00e1sica y espacios de vivienda que les permita llevar una vida digna, la Secretar\u00eda de Desarrollo Social (Sedeso) tiene programadas 40 obras de infraestructura b\u00e1sica y 22 estudios y proyectos en 24 municipios como parte del ejercicio 2017.<\/p>\n","protected":false},"author":6,"featured_media":0,"comment_status":"open","ping_status":"open","sticky":false,"template":"","format":"standard","meta":{"footnotes":""},"categories":[59],"tags":[],"class_list":["post-42454","post","type-post","status-publish","format-standard","hentry","category-general"],"_links":{"self":[{"href":"https:\/\/plazajuarez.mx\/historico\/wp-json\/wp\/v2\/posts\/42454","targetHints":{"allow":["GET"]}}],"collection":[{"href":"https:\/\/plazajuarez.mx\/historico\/wp-json\/wp\/v2\/posts"}],"about":[{"href":"https:\/\/plazajuarez.mx\/historico\/wp-json\/wp\/v2\/types\/post"}],"author":[{"embeddable":true,"href":"https:\/\/plazajuarez.mx\/historico\/wp-json\/wp\/v2\/users\/6"}],"replies":[{"embeddable":true,"href":"https:\/\/plazajuarez.mx\/historico\/wp-json\/wp\/v2\/comments?post=42454"}],"version-history":[{"count":0,"href":"https:\/\/plazajuarez.mx\/historico\/wp-json\/wp\/v2\/posts\/42454\/revisions"}],"wp:attachment":[{"href":"https:\/\/plazajuarez.mx\/historico\/wp-json\/wp\/v2\/media?parent=42454"}],"wp:term":[{"taxonomy":"category","embeddable":true,"href":"https:\/\/plazajuarez.mx\/historico\/wp-json\/wp\/v2\/categories?post=42454"},{"taxonomy":"post_tag","embeddable":true,"href":"https:\/\/plazajuarez.mx\/historico\/wp-json\/wp\/v2\/tags?post=42454"}],"curies":[{"name":"wp","href":"https:\/\/api.w.org\/{rel}","templated":true}]}}