{"id":42309,"date":"2017-06-04T14:21:57","date_gmt":"2017-06-04T14:21:57","guid":{"rendered":"http:\/\/plazajuarez.mx\/index\/index.php\/2017\/06\/04\/homo-politicus-23\/"},"modified":"2017-06-04T14:21:57","modified_gmt":"2017-06-04T14:21:57","slug":"homo-politicus-23","status":"publish","type":"post","link":"https:\/\/plazajuarez.mx\/historico\/homo-politicus-23\/","title":{"rendered":"HOMO POLITICUS"},"content":{"rendered":"<p>\u00a0<\/p>\n<p>Al estilo de samba me cago de la risa<\/p>\n<p>Si existe una clase pol\u00edtica corrupta, descarada y carente de conciencia social, esa es sin duda, la brasile\u00f1a.<\/p>\n<p>  <!--more-->  <\/p>\n<p>\u00a0<\/p>\n<p>Despu\u00e9s\u00a0del sainete que efectuaron los legisladores brasile\u00f1os para destituir a Dilma, ahora resulta que como la corrupci\u00f3n y el abuso de poder est\u00e1n a la orden del d\u00eda, Michel Temer, -que por cierto fue uno de los art\u00edfices del juicio pol\u00edtico que depuso a Dilma-,ahora, podr\u00eda caer en la cuerda con un impeachment en su contra.<\/p>\n<p>\u00a0<\/p>\n<p>Como Brasil tiene una clase pol\u00edtica poco seria y deshonesta, en la mayor parte de los casos, no puede extra\u00f1ar que se hayan percatado que tienen un presidente corrupto y en los hechos, ya han existido varias acusaciones y solicitudes de juicio pol\u00edtico sobre Temer, por lo que no sabemos si \u00e9sta habr\u00e1 de pegar.<\/p>\n<p>\u00a0<\/p>\n<p>Brasil es una cloaca pol\u00edtica, no existe certidumbre sobre la actuaci\u00f3n de los servidores p\u00fablicos y nada parece limpiar los problemas de forma y fondo en un pa\u00eds de amplios contrastes sociales.<\/p>\n<p>\u00a0<\/p>\n<p>Lo importante de este escenario pol\u00edtico, es que podemos apreciar que la clase pol\u00edtica en el mundo ha ido perdiendo credibilidad a pasos agigantados, por lo que los sucesos de Brasil no constituyen sorpresa alguna, sino que afianzan una idea oculta en el sentir social, \u00bfqui\u00e9n debe manejar al Estado?<\/p>\n<p><span style=\"font-weight: 400;\">\u00a0<\/span><\/p>\n<p><span style=\"font-weight: 400;\">Lo incre\u00edble es que quienes manejan al Estado son juez y parte de sus acciones y decisiones, por lo que apelar al pleno ejercicio de su labor en pro del mandato ciudadano es pr\u00e1cticamente una tragicomedia.<\/span><\/p>\n<p><span style=\"font-weight: 400;\">\u00a0<\/span><\/p>\n<p><span style=\"font-weight: 400;\">\u00bfHasta d\u00f3nde llega la certeza de c\u00f3mo se construye y por qu\u00e9 la ley o las leyes?, \u00bfc\u00f3mo controlar a una clase que tiene claros intereses y que estos difieren de la sociedad?, \u00bfde qu\u00e9 sirve una nacionalidad cuando el Estado es el pabell\u00f3n de unos cuantos y sus privilegios?<\/span><\/p>\n<p><span style=\"font-weight: 400;\">\u00a0<\/span><\/p>\n<p><span style=\"font-weight: 400;\">Brasil goza y vive a ritmo de samba, acepta la corrupci\u00f3n y la impunidad mientras su clase pol\u00edtica hace lo que quiere, total, si la selecci\u00f3n brasile\u00f1a de f\u00fatbol anda bien \u00bfQu\u00e9 importa lo dem\u00e1s?<\/span><\/p>\n","protected":false},"excerpt":{"rendered":"<p>\u00a0 Al estilo de samba me cago de la risa Si existe una clase pol\u00edtica corrupta, descarada y carente de conciencia social, esa es sin duda, la brasile\u00f1a.<\/p>\n","protected":false},"author":3,"featured_media":0,"comment_status":"open","ping_status":"open","sticky":false,"template":"","format":"standard","meta":{"footnotes":""},"categories":[42],"tags":[],"class_list":["post-42309","post","type-post","status-publish","format-standard","hentry","category-nuestrapalabra"],"_links":{"self":[{"href":"https:\/\/plazajuarez.mx\/historico\/wp-json\/wp\/v2\/posts\/42309","targetHints":{"allow":["GET"]}}],"collection":[{"href":"https:\/\/plazajuarez.mx\/historico\/wp-json\/wp\/v2\/posts"}],"about":[{"href":"https:\/\/plazajuarez.mx\/historico\/wp-json\/wp\/v2\/types\/post"}],"author":[{"embeddable":true,"href":"https:\/\/plazajuarez.mx\/historico\/wp-json\/wp\/v2\/users\/3"}],"replies":[{"embeddable":true,"href":"https:\/\/plazajuarez.mx\/historico\/wp-json\/wp\/v2\/comments?post=42309"}],"version-history":[{"count":0,"href":"https:\/\/plazajuarez.mx\/historico\/wp-json\/wp\/v2\/posts\/42309\/revisions"}],"wp:attachment":[{"href":"https:\/\/plazajuarez.mx\/historico\/wp-json\/wp\/v2\/media?parent=42309"}],"wp:term":[{"taxonomy":"category","embeddable":true,"href":"https:\/\/plazajuarez.mx\/historico\/wp-json\/wp\/v2\/categories?post=42309"},{"taxonomy":"post_tag","embeddable":true,"href":"https:\/\/plazajuarez.mx\/historico\/wp-json\/wp\/v2\/tags?post=42309"}],"curies":[{"name":"wp","href":"https:\/\/api.w.org\/{rel}","templated":true}]}}