{"id":42306,"date":"2017-06-04T14:00:26","date_gmt":"2017-06-04T14:00:26","guid":{"rendered":"http:\/\/plazajuarez.mx\/index\/index.php\/2017\/06\/04\/maestros-hidalguenses-participan-en-programa-de-intercambio\/"},"modified":"2017-06-04T14:00:26","modified_gmt":"2017-06-04T14:00:26","slug":"maestros-hidalguenses-participan-en-programa-de-intercambio","status":"publish","type":"post","link":"https:\/\/plazajuarez.mx\/historico\/maestros-hidalguenses-participan-en-programa-de-intercambio\/","title":{"rendered":"MAESTROS HIDALGUENSES PARTICIPAN EN PROGRAMA DE INTERCAMBIO"},"content":{"rendered":"<p>Con la finalidad de intercambiar experiencias educativas que permitan coadyuvar un mejor aprovechamiento en el proceso de ense\u00f1anza-aprendizaje de alumnos de origen mexicano que radican en Estados Unidos, ocho docentes hidalguenses de Educaci\u00f3n B\u00e1sica participan en el Programa de Intercambio de Maestros M\u00e9xico\u2013Estados Unidos 2017.<\/p>\n<p>  <!--more-->  <\/p>\n<p>\u00a0<\/p>\n<p>Los docentes permanecer\u00e1n de 5 a 7 semanas, laborando en escuelas de Educaci\u00f3n B\u00e1sica de los estados de Nebraska, Oregon, California y Florida, se\u00f1al\u00f3 el encargado de la Coordinaci\u00f3n Estatal del Programa Binacional de Educaci\u00f3n Migrante (PROBEM), Pablo Carpio Escudero.<\/p>\n<p>\u00a0<\/p>\n<p>Pablo Carpio Escudero indic\u00f3 que durante su estancia, las y los docentes contribuir\u00e1n al fortalecimiento del conocimiento de la historia, la cultura, los valores y las tradiciones nacionales, en las alumnas y los alumnos de origen mexicano que radican en Estados Unidos. Adem\u00e1s, coadyuvar\u00e1n en la ense\u00f1anza de matem\u00e1ticas, lecto-escritura, ciencias, historia, cultura mexicana, e impartir\u00e1n otras materias que contribuyan a la mejora del logro educativo.<\/p>\n<p>\u00a0<\/p>\n<p>Record\u00f3 que las y los docentes respondieron a la convocatoria emitida en noviembre del a\u00f1o pasado por la Secretar\u00eda de Educaci\u00f3n P\u00fablica (SEP) federal y la Secretar\u00eda de Relaciones Exteriores (SRE), en coordinaci\u00f3n con el Programa Binacional de Educaci\u00f3n Migrante (PROBEM).<\/p>\n<p>\u00a0<\/p>\n<p>Agreg\u00f3 que previamente a este intercambio las maestras y los maestros participaron, en marzo pasado, en la capacitaci\u00f3n nacional del Intercambio de Maestros M\u00e9xico-Estados Unidos, que tuvo como sede Pachuca.<\/p>\n","protected":false},"excerpt":{"rendered":"<p>Con la finalidad de intercambiar experiencias educativas que permitan coadyuvar un mejor aprovechamiento en el proceso de ense\u00f1anza-aprendizaje de alumnos de origen mexicano que radican en Estados Unidos, ocho docentes hidalguenses de Educaci\u00f3n B\u00e1sica participan en el Programa de Intercambio de Maestros M\u00e9xico\u2013Estados Unidos 2017.<\/p>\n","protected":false},"author":3,"featured_media":0,"comment_status":"open","ping_status":"open","sticky":false,"template":"","format":"standard","meta":{"footnotes":""},"categories":[59],"tags":[],"class_list":["post-42306","post","type-post","status-publish","format-standard","hentry","category-general"],"_links":{"self":[{"href":"https:\/\/plazajuarez.mx\/historico\/wp-json\/wp\/v2\/posts\/42306","targetHints":{"allow":["GET"]}}],"collection":[{"href":"https:\/\/plazajuarez.mx\/historico\/wp-json\/wp\/v2\/posts"}],"about":[{"href":"https:\/\/plazajuarez.mx\/historico\/wp-json\/wp\/v2\/types\/post"}],"author":[{"embeddable":true,"href":"https:\/\/plazajuarez.mx\/historico\/wp-json\/wp\/v2\/users\/3"}],"replies":[{"embeddable":true,"href":"https:\/\/plazajuarez.mx\/historico\/wp-json\/wp\/v2\/comments?post=42306"}],"version-history":[{"count":0,"href":"https:\/\/plazajuarez.mx\/historico\/wp-json\/wp\/v2\/posts\/42306\/revisions"}],"wp:attachment":[{"href":"https:\/\/plazajuarez.mx\/historico\/wp-json\/wp\/v2\/media?parent=42306"}],"wp:term":[{"taxonomy":"category","embeddable":true,"href":"https:\/\/plazajuarez.mx\/historico\/wp-json\/wp\/v2\/categories?post=42306"},{"taxonomy":"post_tag","embeddable":true,"href":"https:\/\/plazajuarez.mx\/historico\/wp-json\/wp\/v2\/tags?post=42306"}],"curies":[{"name":"wp","href":"https:\/\/api.w.org\/{rel}","templated":true}]}}