{"id":42176,"date":"2017-06-01T12:23:02","date_gmt":"2017-06-01T12:23:02","guid":{"rendered":"http:\/\/plazajuarez.mx\/index\/index.php\/2017\/06\/01\/pobreza-deliberada\/"},"modified":"2017-06-01T12:23:02","modified_gmt":"2017-06-01T12:23:02","slug":"pobreza-deliberada","status":"publish","type":"post","link":"https:\/\/plazajuarez.mx\/historico\/pobreza-deliberada\/","title":{"rendered":"\u00bfPobreza deliberada?"},"content":{"rendered":"<p>Lo novedoso de estas elecciones en el Estado de M\u00e9xico, despu\u00e9s de muchas d\u00e9cadas, es que hay una competencia real<\/p>\n<p>  <!--more-->  <\/p>\n<p>El candidato que atraiga el voto de los m\u00e1s pobres ser\u00e1 el pr\u00f3ximo gobernador del Estado de M\u00e9xico. Las encuestas fallan, pero la demograf\u00eda no deber\u00eda. El grueso del electorado mexiquense est\u00e1 compuesto por personas de bajos ingresos. As\u00ed, en condiciones normales, el candidato que parezca contar con la convicci\u00f3n y las mejores ideas para atenuar la pobreza, deber\u00eda ganar la contienda.<br \/>Entre los cuatro candidatos finalistas, dos son ricos y dos son pobres, o cuando menos provienen de municipios donde abunda la pobreza. Del Mazo y Josefina son menos representativos de lo que es la comunidad mexiquense. Por su trayectoria y lugar de origen, Juan Zepeda y Delfina se asemejan m\u00e1s a lo que es el mexiquense promedio. Si la gente piensa votar por quien se parezca m\u00e1s a mi mismo, por quien tenga una biograf\u00eda y una experiencia de vida m\u00e1s semejante a la m\u00eda, entonces Delfina o Zepeda deben llevarse los dos primeros lugares de la elecci\u00f3n. Si el voto es aspiracional (a ver si alg\u00fan d\u00eda llego a tener poder y dinero) entonces Josefina y Del Mazo deben ocupar los primeros sitios.<br \/>Pero el Estado de M\u00e9xico ha dado muestras de desafiar invariablemente la l\u00f3gica pol\u00edtica. El grueso de la poblaci\u00f3n mexiquense vive en los alrededores de la capital, trabaja en grandes n\u00fameros en la capital y le va tan bien o tan mal como le vaya a la capital. Es lo m\u00e1s semejante que tenemos en el pa\u00eds a un Estado dormitorio. La onda expansiva del progreso capitalino alcanza apenas a tres o cuatro municipios del Estado de M\u00e9xico, como Huixquilucan, partes de Naucalpan, Atizap\u00e1n y por otras consideraciones, Valle de Bravo.<br \/>La teor\u00eda que parece imponerse es que es m\u00e1s f\u00e1cil conseguir el voto de una persona pobre, con bajos niveles educativos y poco politizada, que el de alguien con altos grados acad\u00e9micos, solvencia econ\u00f3mica e inter\u00e9s por la vida p\u00fablica. Bajo esa premisa, quien est\u00e9 interesado en conseguir votos en el Edomex no debe preocuparle demasiado que el estado sea mayoritariamente pobre. Cabe incluso preguntarnos si el Estado de M\u00e9xico es deliberadamente pobre o pobre por razones pol\u00edticas y electorales, m\u00e1s que por factores econ\u00f3micos o geogr\u00e1ficos. La localizaci\u00f3n del estado, en el centro del pa\u00eds y a un lado de la urbe m\u00e1s rica y diversa, deber\u00eda hacer posible que el Estado de M\u00e9xico siempre estuviese a la cabeza del desarrollo nacional, en lo econ\u00f3mico y en lo humano. Pero no es as\u00ed.<br \/>Las claves de la elecci\u00f3n dependen de la manera en que voten los pobres en esta ocasi\u00f3n. Habr\u00e1 todav\u00eda muchos que est\u00e9n dispuestos a intercambiar su voto por alguna d\u00e1diva que se les ofrezca en el momento de sufragar; quienes piensen que su voto es apenas uno entre millones y que es mejor llevarse unos centavos o unos bultos de cemento que emitir el voto de manera independiente y razonada. Pero habr\u00e1 otros, qui\u00e9n sabe cu\u00e1ntos, que no est\u00e9n dispuestos a comerciar con sus derechos pol\u00edticos y crean que pueden hacer la gran diferencia. Al margen de estos dos, existen aquellos que votan por un partido como una especie de tradici\u00f3n familiar, como el que desde ni\u00f1o le va al Necaxa o al Am\u00e9rica y le da cierta verg\u00fcenza cambiar de equipo para que no lo tachen de traici\u00f3n.<br \/>El hecho de que Delfina y Del Mazo sean los candidatos m\u00e1s viables a llevarse la victoria tiene que ver con que Morena se ha asumido como el partido de los pobres, mientras que el PRI es el que tiene m\u00e1s experiencia y estructura para llevarlos a votar.<br \/>Pero, pase lo que pase, lo novedoso de estas elecciones, despu\u00e9s de muchas d\u00e9cadas, es que hay una competencia real y que, m\u00e1s all\u00e1 de los partidos, un candidato eficaz y persuasivo como Zepeda haya logrado meterse a la pelea frente a las grandes maquinarias electorales. El pr\u00f3ximo domingo podremos sacar las conclusiones.<\/p>\n","protected":false},"excerpt":{"rendered":"<p>Lo novedoso de estas elecciones en el Estado de M\u00e9xico, despu\u00e9s de muchas d\u00e9cadas, es que hay una competencia real<\/p>\n","protected":false},"author":93,"featured_media":0,"comment_status":"open","ping_status":"open","sticky":false,"template":"","format":"standard","meta":{"footnotes":""},"categories":[42],"tags":[],"class_list":["post-42176","post","type-post","status-publish","format-standard","hentry","category-nuestrapalabra"],"_links":{"self":[{"href":"https:\/\/plazajuarez.mx\/historico\/wp-json\/wp\/v2\/posts\/42176","targetHints":{"allow":["GET"]}}],"collection":[{"href":"https:\/\/plazajuarez.mx\/historico\/wp-json\/wp\/v2\/posts"}],"about":[{"href":"https:\/\/plazajuarez.mx\/historico\/wp-json\/wp\/v2\/types\/post"}],"author":[{"embeddable":true,"href":"https:\/\/plazajuarez.mx\/historico\/wp-json\/wp\/v2\/users\/93"}],"replies":[{"embeddable":true,"href":"https:\/\/plazajuarez.mx\/historico\/wp-json\/wp\/v2\/comments?post=42176"}],"version-history":[{"count":0,"href":"https:\/\/plazajuarez.mx\/historico\/wp-json\/wp\/v2\/posts\/42176\/revisions"}],"wp:attachment":[{"href":"https:\/\/plazajuarez.mx\/historico\/wp-json\/wp\/v2\/media?parent=42176"}],"wp:term":[{"taxonomy":"category","embeddable":true,"href":"https:\/\/plazajuarez.mx\/historico\/wp-json\/wp\/v2\/categories?post=42176"},{"taxonomy":"post_tag","embeddable":true,"href":"https:\/\/plazajuarez.mx\/historico\/wp-json\/wp\/v2\/tags?post=42176"}],"curies":[{"name":"wp","href":"https:\/\/api.w.org\/{rel}","templated":true}]}}