{"id":42040,"date":"2017-05-30T11:52:27","date_gmt":"2017-05-30T11:52:27","guid":{"rendered":"http:\/\/plazajuarez.mx\/index\/index.php\/2017\/05\/30\/policia-federal-da-conferencia-magistral-a-cadetes\/"},"modified":"2017-05-30T11:52:27","modified_gmt":"2017-05-30T11:52:27","slug":"policia-federal-da-conferencia-magistral-a-cadetes","status":"publish","type":"post","link":"https:\/\/plazajuarez.mx\/historico\/policia-federal-da-conferencia-magistral-a-cadetes\/","title":{"rendered":"POLIC\u00cdA FEDERAL DA CONFERENCIA MAGISTRAL A CADETES"},"content":{"rendered":"<p>Y ADMINISTRATIVOS DE LA SSPH<\/p>\n<p>  <!--more-->  <\/p>\n<p>Presidieron Cristina Chapela P\u00e9rez, directora general de la Unidad de Desarrollo e Integraci\u00f3n Institucional de la Comisi\u00f3n Nacional de Seguridad y Juan de Dios Pontigo Loyola, secretario ejecutivo del Consejo Estatal de Seguridad P\u00fablica<br \/>Cadetes, docentes, instructores y personal administrativo del Instituto de Formaci\u00f3n Profesional de la Secretar\u00eda de Seguridad P\u00fablica de Hidalgo recibieron la conferencia magistral \u201cTransformaci\u00f3n Policial: \u00bfQu\u00e9 Polic\u00eda necesitamos hoy?\u201d.<br \/>Laura Esthela Carrera Lugo, coordinadora del Sistema de Desarrollo Policial de la Polic\u00eda Federal y directora ejecutiva de la Red de Internacionalizaci\u00f3n Educativa Policial fue la ponente.<br \/>Al t\u00e9rmino de la actividad se entregaron constancias del curso taller \u201cDerechos Humanos para Funcionarias y Funcionarios Encargados de Hacer Cumplir la Ley\u201d, impartido a oficiales de la Coordinaci\u00f3n de Seguridad Estatal y personal del Instituto de Formaci\u00f3n Profesional.<br \/>En la ceremonia de clausura, Cuauht\u00e9moc Vald\u00e9s Lugo, director general de Prevenci\u00f3n y Reinserci\u00f3n Social, que represent\u00f3 a Mauricio Delmar Saavedra, secretario de Seguridad P\u00fablica, destac\u00f3 la preocupaci\u00f3n por mantener capacitaci\u00f3n constante a los elementos operativos.<br \/>Asimismo, resalt\u00f3 el compromiso del gobernador del estado de Hidalgo, Omar Fayad Meneses, por contar con una Polic\u00eda m\u00e1s y mejor capacitada, lo que impulsa el fortalecimiento de la seguridad p\u00fablica en la entidad.<\/p>\n","protected":false},"excerpt":{"rendered":"<p>Y ADMINISTRATIVOS DE LA SSPH<\/p>\n","protected":false},"author":93,"featured_media":0,"comment_status":"open","ping_status":"open","sticky":false,"template":"","format":"standard","meta":{"footnotes":""},"categories":[37],"tags":[],"class_list":["post-42040","post","type-post","status-publish","format-standard","hentry","category-barandilla"],"_links":{"self":[{"href":"https:\/\/plazajuarez.mx\/historico\/wp-json\/wp\/v2\/posts\/42040","targetHints":{"allow":["GET"]}}],"collection":[{"href":"https:\/\/plazajuarez.mx\/historico\/wp-json\/wp\/v2\/posts"}],"about":[{"href":"https:\/\/plazajuarez.mx\/historico\/wp-json\/wp\/v2\/types\/post"}],"author":[{"embeddable":true,"href":"https:\/\/plazajuarez.mx\/historico\/wp-json\/wp\/v2\/users\/93"}],"replies":[{"embeddable":true,"href":"https:\/\/plazajuarez.mx\/historico\/wp-json\/wp\/v2\/comments?post=42040"}],"version-history":[{"count":0,"href":"https:\/\/plazajuarez.mx\/historico\/wp-json\/wp\/v2\/posts\/42040\/revisions"}],"wp:attachment":[{"href":"https:\/\/plazajuarez.mx\/historico\/wp-json\/wp\/v2\/media?parent=42040"}],"wp:term":[{"taxonomy":"category","embeddable":true,"href":"https:\/\/plazajuarez.mx\/historico\/wp-json\/wp\/v2\/categories?post=42040"},{"taxonomy":"post_tag","embeddable":true,"href":"https:\/\/plazajuarez.mx\/historico\/wp-json\/wp\/v2\/tags?post=42040"}],"curies":[{"name":"wp","href":"https:\/\/api.w.org\/{rel}","templated":true}]}}