{"id":41793,"date":"2017-05-25T05:16:58","date_gmt":"2017-05-25T05:16:58","guid":{"rendered":"http:\/\/plazajuarez.mx\/index\/index.php\/2017\/05\/25\/se-han-registrado-278-incendios-forestales\/"},"modified":"2017-05-25T05:16:58","modified_gmt":"2017-05-25T05:16:58","slug":"se-han-registrado-278-incendios-forestales","status":"publish","type":"post","link":"https:\/\/plazajuarez.mx\/historico\/se-han-registrado-278-incendios-forestales\/","title":{"rendered":"Se han registrado 278 incendios forestales"},"content":{"rendered":"<p>HASTA EL 22 DE MAYO<br \/>La capital hidalguense contin\u00faa a la cabeza<\/p>\n<p>  <!--more-->  <\/p>\n<p>De acuerdo con el reporte proporcionado por la Comisi\u00f3n Nacional Forestal (CONAFOR) delegaci\u00f3n Hidalgo, hasta el corte del 22 de mayo, se han registrado 278 incendios forestales, 100 siniestros menos en comparaci\u00f3n con el mismo periodo en el 2016.<br \/>Consecuencia de \u00e9stos fen\u00f3menos es la afectaci\u00f3n a dos mil 825 hect\u00e1reas, de las cuales mil 693 corresponden a matorral, 869 a pasto, 190 arbolado renuevo y 75 arbolado adulto.<br \/>Para mitigar el incendio hasta el momento han participado nueve mil 47 combatientes, principalmente de la Secretar\u00eda de Medio Ambiente y Recursos Naturales de Hidalgo (SEMARNATH) con dos mil 830 personas, voluntarios dos mil 722, municipios mil 992, Conafor 763, Servicios Ambientales 101, Secretar\u00eda de la Defensa Nacional 98 y \u00c1reas Naturales Protegidas 17.<br \/>En tanto, respecto a los municipios con mayor n\u00famero de siniestros, la capital hidalguense se mantiene a la cabeza con 29, le siguen Epazoyucan con 22, Singuilucan y Acaxochitl\u00e1n 21, Santiago Tulantepec 20, Zacualtip\u00e1n de \u00c1ngeles 17; Mineral de la Reforma, Tulancingo de Bravo y Cuautepec de Hinojosa 16, Omitl\u00e1n de Ju\u00e1rez 15.<br \/>Asimismo en la lista se incluyen Zempoala y Tepeapulco con 12; Acatl\u00e1n 7; Mineral del Monte 6; Almoloya 5; San Agust\u00edn Tlaxiaca, Zimap\u00e1n y Metepec 4; Tlanalapa y Mineral del Chico\u00a0\u00a0 \u00a03; Apan, Huasca de Ocampo, Pisa Flores y Tezontepec de Aldama 2; Agua Blanca, El Arenal, Lolotla, Nicol\u00e1s Flores, Tenango de Doria, San Salvador, Tolcayuca, La Misi\u00f3n, San Agust\u00edn Metzquititl\u00e1n, Huehuetla, Chapulhuac\u00e1n, Atotonilco El Grande, Actopan, Huejutla de Reyes, Atlapexco, Huautla y Jacala de Ledezma 1.<br \/>Mientras que en la superficie afectada, la lista cambia, ubic\u00e1ndose en el primer lugar Tepeapulco con 331 hect\u00e1reas, Singuilucan 293, Zempoala 244, Epazoyucan 209, Pachuca de Soto 185, Mineral de la Reforma 162, Tezontepec de Aldama 130, Santiago Tulantepec 111, Atotonilco El Grande 105, Cuautepec de Hinojosa y Huejutla de Reyes 100.<\/p>\n","protected":false},"excerpt":{"rendered":"<p>HASTA EL 22 DE MAYOLa capital hidalguense contin\u00faa a la cabeza<\/p>\n","protected":false},"author":93,"featured_media":0,"comment_status":"open","ping_status":"open","sticky":false,"template":"","format":"standard","meta":{"footnotes":""},"categories":[59],"tags":[],"class_list":["post-41793","post","type-post","status-publish","format-standard","hentry","category-general"],"_links":{"self":[{"href":"https:\/\/plazajuarez.mx\/historico\/wp-json\/wp\/v2\/posts\/41793","targetHints":{"allow":["GET"]}}],"collection":[{"href":"https:\/\/plazajuarez.mx\/historico\/wp-json\/wp\/v2\/posts"}],"about":[{"href":"https:\/\/plazajuarez.mx\/historico\/wp-json\/wp\/v2\/types\/post"}],"author":[{"embeddable":true,"href":"https:\/\/plazajuarez.mx\/historico\/wp-json\/wp\/v2\/users\/93"}],"replies":[{"embeddable":true,"href":"https:\/\/plazajuarez.mx\/historico\/wp-json\/wp\/v2\/comments?post=41793"}],"version-history":[{"count":0,"href":"https:\/\/plazajuarez.mx\/historico\/wp-json\/wp\/v2\/posts\/41793\/revisions"}],"wp:attachment":[{"href":"https:\/\/plazajuarez.mx\/historico\/wp-json\/wp\/v2\/media?parent=41793"}],"wp:term":[{"taxonomy":"category","embeddable":true,"href":"https:\/\/plazajuarez.mx\/historico\/wp-json\/wp\/v2\/categories?post=41793"},{"taxonomy":"post_tag","embeddable":true,"href":"https:\/\/plazajuarez.mx\/historico\/wp-json\/wp\/v2\/tags?post=41793"}],"curies":[{"name":"wp","href":"https:\/\/api.w.org\/{rel}","templated":true}]}}