{"id":41792,"date":"2017-05-25T05:16:10","date_gmt":"2017-05-25T05:16:10","guid":{"rendered":"http:\/\/plazajuarez.mx\/index\/index.php\/2017\/05\/25\/nuvia-mayorga-delgado-presento-el-libro-arte-y-memoria-indigena-de-mexico\/"},"modified":"2017-05-25T05:16:10","modified_gmt":"2017-05-25T05:16:10","slug":"nuvia-mayorga-delgado-presento-el-libro-arte-y-memoria-indigena-de-mexico","status":"publish","type":"post","link":"https:\/\/plazajuarez.mx\/historico\/nuvia-mayorga-delgado-presento-el-libro-arte-y-memoria-indigena-de-mexico\/","title":{"rendered":"Nuvia Mayorga Delgado present\u00f3 el libro \u201cArte y Memoria Ind\u00edgena de M\u00e9xico\u201d"},"content":{"rendered":"<p>EN BELLAS ARTES<br \/>En el Palacio de Bellas Artes la Comisi\u00f3n Nacional para el Desarrollo de los Pueblos Ind\u00edgenas\u00a0 present\u00f3 la obra editorial\u00a0 \u201cArte y Memoria Ind\u00edgena de M\u00e9xico\u201d.<\/p>\n<p>  <!--more-->  <\/p>\n<p>El martes por la noche la obra fue presentada por Nuvia Mayorga Delgado, Directora General de la CDI quien subray\u00f3\u00a0 que \u201cEs importante, para la cultura de M\u00e9xico, destacar el arte ind\u00edgena. El Presidente Enrique Pe\u00f1a Nieto \u2013refiri\u00f3-\u00a0 ha pedido visibilizar a los pueblos ind\u00edgenas y es as\u00ed como lo hemos venido haciendo en cada uno de los temas. En esta ocasi\u00f3n hablamos de la cultura, la gran riqueza del acervo resguardado por la CDI, se presenta en este libro Arte y Memoria Ind\u00edgena de M\u00e9xico\u201d.<\/p>\n<p>Mayorga Delgado destac\u00f3 que la CDI ha planteado dentro del Programa Especial de los Pueblos Ind\u00edgenas 2014\u20132018, como uno de sus principales objetivos, el preservar y fortalecer la cultura de los Pueblos Ind\u00edgenas reconociendo su car\u00e1cter de patrimonio nacional, para ello promueve acciones orientadas a la preservaci\u00f3n, desarrollo y difusi\u00f3n de las expresiones art\u00edsticas y culturales, as\u00ed como los conocimientos tradicionales de los pueblos y comunidades ind\u00edgenas. <\/p>\n<p>El libro \u201cArte y Memoria Ind\u00edgena de M\u00e9xico\u201d, tiene como objetivo dar testimonio hist\u00f3rico, etnogr\u00e1fico, art\u00edstico e iconogr\u00e1fico de la riqueza nacional que conforma a los pueblos ind\u00edgenas de la naci\u00f3n y que forman parte del Acervo de Arte Ind\u00edgena de la CDI.\u00a0 La titular de la CDI apunt\u00f3\u00a0 que esta instituci\u00f3n\u00a0 public\u00f3 previamente otros libros que resaltan el valor cultural de nuestros pueblos originarios, como los que integran la colecci\u00f3n \u201cAlimentos y bebidas de los pueblos ind\u00edgenas de M\u00e9xico\u201d y del libro \u201cMonograf\u00edas de los Pueblos Ind\u00edgenas de M\u00e9xico del Siglo XXI\u201d.<\/p>\n<p>El Acervo de Arte Ind\u00edgena de la CDI se conform\u00f3 en el extinto Museo Nacional de Artes e Industrias Populares del entonces Instituto Nacional Indigenista, por medio de convenios institucionales, donaciones, adquisici\u00f3n de colecciones particulares, concursos de arte popular, investigaciones y proyectos de documentaci\u00f3n.<\/p>\n<p>La publicaci\u00f3n tambi\u00e9n tiene como prop\u00f3sito presentar las colecciones de arte como una herramienta clave para la revaloraci\u00f3n de las culturas ind\u00edgenas por todos los sectores de la sociedad nacional y fomentar el di\u00e1logo intercultural, y\u00a0 la inclusi\u00f3n y el respeto a las diferencias. <\/p>\n<p>Esta obra cont\u00f3 con la participaci\u00f3n de reconocidos especialistas en antropolog\u00eda, arte popular y conservaci\u00f3n de bienes culturales. <\/p>\n","protected":false},"excerpt":{"rendered":"<p>EN BELLAS ARTESEn el Palacio de Bellas Artes la Comisi\u00f3n Nacional para el Desarrollo de los Pueblos Ind\u00edgenas\u00a0 present\u00f3 la obra editorial\u00a0 \u201cArte y Memoria Ind\u00edgena de M\u00e9xico\u201d.<\/p>\n","protected":false},"author":93,"featured_media":0,"comment_status":"open","ping_status":"open","sticky":false,"template":"","format":"standard","meta":{"footnotes":""},"categories":[59],"tags":[],"class_list":["post-41792","post","type-post","status-publish","format-standard","hentry","category-general"],"_links":{"self":[{"href":"https:\/\/plazajuarez.mx\/historico\/wp-json\/wp\/v2\/posts\/41792","targetHints":{"allow":["GET"]}}],"collection":[{"href":"https:\/\/plazajuarez.mx\/historico\/wp-json\/wp\/v2\/posts"}],"about":[{"href":"https:\/\/plazajuarez.mx\/historico\/wp-json\/wp\/v2\/types\/post"}],"author":[{"embeddable":true,"href":"https:\/\/plazajuarez.mx\/historico\/wp-json\/wp\/v2\/users\/93"}],"replies":[{"embeddable":true,"href":"https:\/\/plazajuarez.mx\/historico\/wp-json\/wp\/v2\/comments?post=41792"}],"version-history":[{"count":0,"href":"https:\/\/plazajuarez.mx\/historico\/wp-json\/wp\/v2\/posts\/41792\/revisions"}],"wp:attachment":[{"href":"https:\/\/plazajuarez.mx\/historico\/wp-json\/wp\/v2\/media?parent=41792"}],"wp:term":[{"taxonomy":"category","embeddable":true,"href":"https:\/\/plazajuarez.mx\/historico\/wp-json\/wp\/v2\/categories?post=41792"},{"taxonomy":"post_tag","embeddable":true,"href":"https:\/\/plazajuarez.mx\/historico\/wp-json\/wp\/v2\/tags?post=41792"}],"curies":[{"name":"wp","href":"https:\/\/api.w.org\/{rel}","templated":true}]}}