{"id":41788,"date":"2017-05-25T05:14:49","date_gmt":"2017-05-25T05:14:49","guid":{"rendered":"http:\/\/plazajuarez.mx\/index\/index.php\/2017\/05\/25\/frente-abierto-del-gobierno\/"},"modified":"2017-05-25T05:14:49","modified_gmt":"2017-05-25T05:14:49","slug":"frente-abierto-del-gobierno","status":"publish","type":"post","link":"https:\/\/plazajuarez.mx\/historico\/frente-abierto-del-gobierno\/","title":{"rendered":"Frente abierto del gobierno"},"content":{"rendered":"<p>Bajo Reserva Expr\u00e9s<\/p>\n<p>  <!--more-->  <\/p>\n<p>Las organizaciones de la sociedad civil que abandonaron la iniciativa de la Alianza para el Gobierno Abierto hicieron p\u00fablica el martes su preocupaci\u00f3n por el &#8220;espionaje&#8221; del gobierno a dos integrantes de los grupos civiles, pero tambi\u00e9n por el contexto que vive el pa\u00eds, la violencia contra los defensores de derechos humanos y periodistas.<br \/>La preocupaci\u00f3n, nos dicen, no solo es por el &#8220;acoso&#8221;, viene porque todo indica que al gobierno federal no le interesan los espacios de di\u00e1logo formales que ten\u00eda con la sociedad civil.<br \/>Nos alertan que el tema dar\u00e1 mucha cuerda a nivel internacional, porque M\u00e9xico ser\u00eda el \u00fanico pa\u00eds de los 68 que forman parte del Alianza para el Gobierno Abierto, donde las organizaciones de la sociedad civil no participan.<\/p>\n","protected":false},"excerpt":{"rendered":"<p>Bajo Reserva Expr\u00e9s<\/p>\n","protected":false},"author":93,"featured_media":0,"comment_status":"open","ping_status":"open","sticky":false,"template":"","format":"standard","meta":{"footnotes":""},"categories":[42],"tags":[],"class_list":["post-41788","post","type-post","status-publish","format-standard","hentry","category-nuestrapalabra"],"_links":{"self":[{"href":"https:\/\/plazajuarez.mx\/historico\/wp-json\/wp\/v2\/posts\/41788","targetHints":{"allow":["GET"]}}],"collection":[{"href":"https:\/\/plazajuarez.mx\/historico\/wp-json\/wp\/v2\/posts"}],"about":[{"href":"https:\/\/plazajuarez.mx\/historico\/wp-json\/wp\/v2\/types\/post"}],"author":[{"embeddable":true,"href":"https:\/\/plazajuarez.mx\/historico\/wp-json\/wp\/v2\/users\/93"}],"replies":[{"embeddable":true,"href":"https:\/\/plazajuarez.mx\/historico\/wp-json\/wp\/v2\/comments?post=41788"}],"version-history":[{"count":0,"href":"https:\/\/plazajuarez.mx\/historico\/wp-json\/wp\/v2\/posts\/41788\/revisions"}],"wp:attachment":[{"href":"https:\/\/plazajuarez.mx\/historico\/wp-json\/wp\/v2\/media?parent=41788"}],"wp:term":[{"taxonomy":"category","embeddable":true,"href":"https:\/\/plazajuarez.mx\/historico\/wp-json\/wp\/v2\/categories?post=41788"},{"taxonomy":"post_tag","embeddable":true,"href":"https:\/\/plazajuarez.mx\/historico\/wp-json\/wp\/v2\/tags?post=41788"}],"curies":[{"name":"wp","href":"https:\/\/api.w.org\/{rel}","templated":true}]}}