{"id":41787,"date":"2017-05-25T05:14:38","date_gmt":"2017-05-25T05:14:38","guid":{"rendered":"http:\/\/plazajuarez.mx\/index\/index.php\/2017\/05\/25\/el-tlc-no-tiene-quien-lo-cubra-y-que-bien\/"},"modified":"2017-05-25T05:14:38","modified_gmt":"2017-05-25T05:14:38","slug":"el-tlc-no-tiene-quien-lo-cubra-y-que-bien","status":"publish","type":"post","link":"https:\/\/plazajuarez.mx\/historico\/el-tlc-no-tiene-quien-lo-cubra-y-que-bien\/","title":{"rendered":"El TLC no tiene qui\u00e9n lo &#8216;cubra&#8217; (y qu\u00e9 bien)"},"content":{"rendered":"<p>Todav\u00eda un mes atr\u00e1s, con su filtraci\u00f3n de que en unas horas firmar\u00eda una orden ejecutiva para poner fin al TLCAN, Trump pudo desviar por unas horas la atenci\u00f3n de la crisis provocada por la investigaci\u00f3n de la injerencia rusa en su campa\u00f1a<\/p>\n<p>  <!--more-->  <\/p>\n<p>Buenas se\u00f1ales. La reafirmaci\u00f3n, ayer, de los cancilleres de M\u00e9xico y Canad\u00e1 de que no negociar\u00e1n cada quien por su lado con Estados Unidos, se uni\u00f3 a la buena noticia de la semana pasada: que los medios estadunidenses casi se desentendieron de la notificaci\u00f3n del presidente Trump al Congreso del arranque del proceso de renegociaci\u00f3n del Tratado de Libre Comercio de Am\u00e9rica del Norte (TLCAN o TLC). Esta indiferencia respecto del tema que nutri\u00f3 uno de los alardes m\u00e1s ruidosos de Trump, pudo atribuirse a la congesti\u00f3n informativa debida a la sucesi\u00f3n de crisis del presidente de EU. Pero tambi\u00e9n puede explicarse por la carencia de valores noticiosos del calendario para acordar ajustes al TLCAN, a la vista, adem\u00e1s, de las dificultades que ha enfrentado el nuevo presidente para materializar otros alardes de campa\u00f1a.<br \/>En estas condiciones, no puede ser mejor la se\u00f1al enviada por los medios del pa\u00eds vecino con su desinter\u00e9s ante el asunto. Porque, a partir del olfato y las antenas que suele desarrollar el periodista estadounidense, parecer\u00eda claro que su desaire a esta cobertura se deber\u00eda, en efecto, a que el tema no augura hechos con altos valores noticiosos, generalmente cargados de connotaciones negativas. <br \/>Ni siquiera asom\u00f3 el valor noticioso de la sorpresa que provocar\u00eda, por ejemplo, una ruptura de relaciones comerciales; ni el de los grandes n\u00fameros de v\u00edctimas previsibles en su pa\u00eds por la p\u00e9rdida de empleos que acarrear\u00eda el fin del Tratado; ni el de la proximidad de una cat\u00e1strofe por la falta de bienes mexicanos arraigados en los patrones de producci\u00f3n y consumo de EU en m\u00e1s de dos d\u00e9cadas de TLCAN. Quiz\u00e1s fue esto lo que pes\u00f3 m\u00e1s en la resistencia de los medios a asignarle al anuncio calidad de noticiable o de controversia.<br \/>Muro de los lamentos. Lejos de esos barruntos, el Washington Post le dio seguimiento a la notificaci\u00f3n , pero poniendo por delante tanto la predicci\u00f3n de algunos legisladores sobre una supuesta \u2018claudicaci\u00f3n\u2019 de Trump respecto de su ret\u00f3rica anti tratado, como la decepci\u00f3n de otros por lo que el l\u00edder republicano en la C\u00e1mara de Representantes llam\u00f3 un arranque endeble del proceso de negociaci\u00f3n. Pero lo que le llam\u00f3 la atenci\u00f3n al reportero de ese diario en el Capitolio, David Wigel \u2014quiz\u00e1s por su mirada todav\u00eda juvenil\u2014 fue que el sal\u00f3n preparado para hacer estas declaraciones permaneci\u00f3 casi sin periodistas, con un podio para camar\u00f3grafos que qued\u00f3 vac\u00edo, como testimonios del desinter\u00e9s medi\u00e1tico o del descreimiento en la viabilidad de las poses de campa\u00f1a m\u00e1s insustentables.<br \/>Todav\u00eda un mes atr\u00e1s, con su filtraci\u00f3n de que en unas horas firmar\u00eda una orden ejecutiva para poner fin al TLCAN, Trump pudo desviar por unas horas la atenci\u00f3n de la crisis provocada por la investigaci\u00f3n de la injerencia rusa en su campa\u00f1a. Pero su anuncio de las pr\u00f3ximas negociaciones comerciales con M\u00e9xico y Canad\u00e1 ya no le alcanz\u00f3 a abonar en su discutible estrategia de control de crisis. E incluso su primer viaje al exterior apenas compite \u2014penosamente\u2014 por la atenci\u00f3n p\u00fablica con la cascada de revelaciones cotidianas sobre sus acciones de obstrucci\u00f3n de la justicia. Su imagen posada en el Muro de los Lamentos apareci\u00f3 como la encarnaci\u00f3n del fariseo que se dice v\u00edctima de una cacer\u00eda de brujas mientras realiza la cacer\u00eda difamatoria de mexicanos, musulmanes, programas sociales, pactos comerciales y acuerdos de paz, como el de Obama con Ir\u00e1n, que ahora torpede\u00f3 en Arabia Saudita.<br \/>Pare de cavar. El viaje ha dado un respiro a una Casa Blanca acosada por una serie de crisis auto infligidas por Trump. El nombramiento en Seguridad Nacional de su asociado en los negocios con Rusia, el cese del director del FBI que lo indagaba y sus presiones a los aparatos de seguridad para descarrilar las investigaciones, son algunos paletazos que evidencian el desconocimiento presidencial del dicho atribuido a Will Rogers, un humorista cheroqee de entre siglos XIX y XX: &#8220;Si te encuentras en un hoyo, deja de cavar&#8221;.<\/p>\n","protected":false},"excerpt":{"rendered":"<p>Todav\u00eda un mes atr\u00e1s, con su filtraci\u00f3n de que en unas horas firmar\u00eda una orden ejecutiva para poner fin al TLCAN, Trump pudo desviar por unas horas la atenci\u00f3n de la crisis provocada por la investigaci\u00f3n de la injerencia rusa en su campa\u00f1a<\/p>\n","protected":false},"author":93,"featured_media":0,"comment_status":"open","ping_status":"open","sticky":false,"template":"","format":"standard","meta":{"footnotes":""},"categories":[42],"tags":[],"class_list":["post-41787","post","type-post","status-publish","format-standard","hentry","category-nuestrapalabra"],"_links":{"self":[{"href":"https:\/\/plazajuarez.mx\/historico\/wp-json\/wp\/v2\/posts\/41787","targetHints":{"allow":["GET"]}}],"collection":[{"href":"https:\/\/plazajuarez.mx\/historico\/wp-json\/wp\/v2\/posts"}],"about":[{"href":"https:\/\/plazajuarez.mx\/historico\/wp-json\/wp\/v2\/types\/post"}],"author":[{"embeddable":true,"href":"https:\/\/plazajuarez.mx\/historico\/wp-json\/wp\/v2\/users\/93"}],"replies":[{"embeddable":true,"href":"https:\/\/plazajuarez.mx\/historico\/wp-json\/wp\/v2\/comments?post=41787"}],"version-history":[{"count":0,"href":"https:\/\/plazajuarez.mx\/historico\/wp-json\/wp\/v2\/posts\/41787\/revisions"}],"wp:attachment":[{"href":"https:\/\/plazajuarez.mx\/historico\/wp-json\/wp\/v2\/media?parent=41787"}],"wp:term":[{"taxonomy":"category","embeddable":true,"href":"https:\/\/plazajuarez.mx\/historico\/wp-json\/wp\/v2\/categories?post=41787"},{"taxonomy":"post_tag","embeddable":true,"href":"https:\/\/plazajuarez.mx\/historico\/wp-json\/wp\/v2\/tags?post=41787"}],"curies":[{"name":"wp","href":"https:\/\/api.w.org\/{rel}","templated":true}]}}