{"id":41786,"date":"2017-05-25T05:13:23","date_gmt":"2017-05-25T05:13:23","guid":{"rendered":"http:\/\/plazajuarez.mx\/index\/index.php\/2017\/05\/25\/derecho-a-estar-bien-informados\/"},"modified":"2017-05-25T05:13:23","modified_gmt":"2017-05-25T05:13:23","slug":"derecho-a-estar-bien-informados","status":"publish","type":"post","link":"https:\/\/plazajuarez.mx\/historico\/derecho-a-estar-bien-informados\/","title":{"rendered":"Derecho a estar bien informados"},"content":{"rendered":"<p>A partir de 1988, la democracia nos trajo a los mexicanos una serie de beneficios, y uno de ellos es sin duda la existencia de pluralidad de opciones y de contenidos en los medios de comunicaci\u00f3n. <\/p>\n<p>  <!--more-->  <\/p>\n<p>Las \u00faltimas semanas hemos sido testigos de hechos lamentables que atentan en contra de derechos humanos fundamentales; en un pa\u00eds democr\u00e1tico, son hechos absolutamente inaceptables. Dos destacados periodistas fueron cobardemente asesinados: primero, Miroslava Breach, en el estado de Chihuahua y, apenas la semana pasada, Javier Valdez, en el estado de Sinaloa. Los hechos, por desgracia, no son algo nuevo en M\u00e9xico. En lo que va de 2017 han perdido la vida en hechos similares seis periodistas, y desde el a\u00f1o 2000 son 126 los comunicadores que han sido asesinados. No conozco el dato de cu\u00e1ntos mexicanos se dedican al ejercicio period\u00edstico pero, por lo que se puede ver, se trata sin duda de uno de los grupos sociales m\u00e1s vulnerables y que requiere de mayor protecci\u00f3n. El da\u00f1o causado a la imagen del pa\u00eds ha sido may\u00fasculo. Los organismos internacionales del gremio, tienen la mira puesta en M\u00e9xico y pareciera que no hacemos nada. Es inaceptable que sigan ocurriendo estos cr\u00edmenes, y para ello por ning\u00fan motivo deben de quedar impunes.<br \/>A partir de 1988, la democracia nos trajo a los mexicanos una serie de beneficios, y uno de ellos es sin duda la existencia de pluralidad de opciones y de contenidos en los medios de comunicaci\u00f3n. Afortunadamente para nosotros, los medios nacionales gozan de libertad de prensa absoluta, pero en algunas regiones del pa\u00eds los medios locales han perdido dicha libertad; y no tanto por culpa de un poder pol\u00edtico, sino, lo que es peor, por miedo a poner en riesgo su integridad y la de su familia. Es responsabilidad de todos contribuir a que ese miedo no sea un factor que obstruya la libertad. Siempre he cre\u00eddo que es una obligaci\u00f3n del Estado generar, proteger y preservar un ambiente propicio de libre circulaci\u00f3n de ideas e informaci\u00f3n. Asegurar, en otras palabras, que los periodistas puedan hacer su trabajo libremente, para que los ciudadanos estemos bien informados. Tener acceso a la informaci\u00f3n y difundirla a trav\u00e9s de la labor period\u00edstica es un derecho que todo Estado democr\u00e1tico debe garantizar a sus ciudadanos.<br \/>La impunidad en la comisi\u00f3n de cr\u00edmenes violentos en contra de comunicadores se traduce en una herramienta de censura \u2014y de &#8220;autocensura&#8221;\u2014 que afecta gravemente a nuestro sistema democr\u00e1tico. Es muy preocupante que cada vez sean m\u00e1s los medios de comunicaci\u00f3n que en algunas regiones del pa\u00eds deciden no dar cobertura a determinados temas como medida de protecci\u00f3n. Los delitos en contra de periodistas tienen un solo objetivo: silenciar. Esta situaci\u00f3n repercute directamente en el aspecto social del derecho de la libertad de expresi\u00f3n. Debemos de reconocer una realidad que a todos nos duele: en muchas partes del pa\u00eds no existen las condiciones para ejercer el periodismo. Los gobiernos, federal y locales tienen que dar a este problema la m\u00e1xima prioridad. <br \/>Es cierto que cualquier asesinato debe de ser condenable y que las vidas de las personas valen exactamente lo mismo, pero los asesinatos de periodistas traen aparejado tambi\u00e9n un da\u00f1o a la sociedad, pues se trastoca el derecho del ciudadano a estar bien informado. Las agresiones en contra de los profesionales de la comunicaci\u00f3n son delitos que tienen el efecto de amedrentar a otros periodistas y a la ciudadan\u00eda, pues generan temor a denunciar los atropellos, abusos y actos il\u00edcitos de todo tipo. <br \/>Dado que en M\u00e9xico est\u00e1 m\u00e1s que demostrado que el ejercicio del periodismo se ha convertido en es una actividad riesgosa, el Estado mexicano est\u00e1 obligado a garantizar el pleno ejercicio de quienes se dedican a esta noble profesi\u00f3n. Est\u00e1 en juego el derecho de nuestra sociedad democr\u00e1tica a estar bien informada. La libertad de expresi\u00f3n, la libertad de prensa son derechos que los mexicanos valoramos de manera muy especial y son piedra angular de nuestra transici\u00f3n democr\u00e1tica. <\/p>\n<p>Twitter: @jglezmorfin<\/p>\n","protected":false},"excerpt":{"rendered":"<p>A partir de 1988, la democracia nos trajo a los mexicanos una serie de beneficios, y uno de ellos es sin duda la existencia de pluralidad de opciones y de contenidos en los medios de comunicaci\u00f3n.<\/p>\n","protected":false},"author":93,"featured_media":0,"comment_status":"open","ping_status":"open","sticky":false,"template":"","format":"standard","meta":{"footnotes":""},"categories":[42],"tags":[],"class_list":["post-41786","post","type-post","status-publish","format-standard","hentry","category-nuestrapalabra"],"_links":{"self":[{"href":"https:\/\/plazajuarez.mx\/historico\/wp-json\/wp\/v2\/posts\/41786","targetHints":{"allow":["GET"]}}],"collection":[{"href":"https:\/\/plazajuarez.mx\/historico\/wp-json\/wp\/v2\/posts"}],"about":[{"href":"https:\/\/plazajuarez.mx\/historico\/wp-json\/wp\/v2\/types\/post"}],"author":[{"embeddable":true,"href":"https:\/\/plazajuarez.mx\/historico\/wp-json\/wp\/v2\/users\/93"}],"replies":[{"embeddable":true,"href":"https:\/\/plazajuarez.mx\/historico\/wp-json\/wp\/v2\/comments?post=41786"}],"version-history":[{"count":0,"href":"https:\/\/plazajuarez.mx\/historico\/wp-json\/wp\/v2\/posts\/41786\/revisions"}],"wp:attachment":[{"href":"https:\/\/plazajuarez.mx\/historico\/wp-json\/wp\/v2\/media?parent=41786"}],"wp:term":[{"taxonomy":"category","embeddable":true,"href":"https:\/\/plazajuarez.mx\/historico\/wp-json\/wp\/v2\/categories?post=41786"},{"taxonomy":"post_tag","embeddable":true,"href":"https:\/\/plazajuarez.mx\/historico\/wp-json\/wp\/v2\/tags?post=41786"}],"curies":[{"name":"wp","href":"https:\/\/api.w.org\/{rel}","templated":true}]}}