{"id":41784,"date":"2017-05-25T05:11:05","date_gmt":"2017-05-25T05:11:05","guid":{"rendered":"http:\/\/plazajuarez.mx\/index\/index.php\/2017\/05\/25\/carencia-de-liderazgos\/"},"modified":"2017-05-25T05:11:05","modified_gmt":"2017-05-25T05:11:05","slug":"carencia-de-liderazgos","status":"publish","type":"post","link":"https:\/\/plazajuarez.mx\/historico\/carencia-de-liderazgos\/","title":{"rendered":"Carencia de liderazgos"},"content":{"rendered":"<p>Vitral Pol\u00edtico<br \/>Las fuerzas pol\u00edticas que debieran ser el semillero de los l\u00edderes tienen problemas para motivar la unidad en sus filas y que de estas surja creatividad en la generaci\u00f3n de t\u00e1cticas y estrategias, y que sus esfuerzos sean f\u00e9rtiles.<\/p>\n<p>  <!--more-->  <\/p>\n<p>Los principales partidos pol\u00edticos complican sus acuerdos, por falta de liderazgos que amalgamen sus fuerzas internas y los lleven hacia el fortalecimiento.<br \/>El PRI hoy depende de las instrucciones de la Presidencia de la Rep\u00fablica; el PAN est\u00e1 dividido con forcejeos de qui\u00e9n ganar\u00e1 la candidatura presidencial, y las tribus del PRD desesperan porque se abra el proceso de relevo de su dirigenta nacional.<br \/>En esta etapa, el Revolucionario Institucional que preside Enrique Ochoa Reza, gravita en torno del Primer Priista, de Enrique Pe\u00f1a Nieto, a quien el veterano oponente Andr\u00e9s Manuel L\u00f3pez Obrador, le adjudica ser el coordinador de la campa\u00f1a en el Estado de M\u00e9xico.<br \/>El presidente del PAN, Ricardo Anaya Cort\u00e9s, quien impulsa un Frente Amplio Opositor, encontr\u00f3 una resistencia insalvable en sus cr\u00edticos dentro de su partido y entre quienes, como Margarita Zavala, exigen que se baje de la dirigencia nacional para que en igualdad de condiciones haga la promoci\u00f3n que quiera a sus aspiraciones futuras.<br \/>La senadora Alejandra Barrales Magdaleno, presidenta del PRD, se top\u00f3 con el rechazo de quien menos se esperaba, de la senadora Dolores Padierna Luna, con quien ha hecho mancuerna en el sostenimiento de la bancada perredista, pero que en el prop\u00f3sito de formar un Frente Amplio Opositor con el PAN, lo rechaz\u00f3 de manera contundente.<br \/>Por su lado, Andr\u00e9s Manuel L\u00f3pez Obrador, presidente de Morena, un liderazgo sin interlocutor con quien debatir y conciliar acuerdos, gasta su energ\u00eda en enfrentamientos externos, a los que se sube alegremente el candidato del PRD a la gubernatura mexiquense, Juan Zepeda Hern\u00e1ndez.<br \/>Las fuerzas pol\u00edticas que debieran ser el semillero de los l\u00edderes tienen problemas para motivar la unidad en sus filas y que de estas surja creatividad en la generaci\u00f3n de t\u00e1cticas y estrategias, y que sus esfuerzos sean f\u00e9rtiles.<br \/>Priistas y morenistas son los \u00fanicos que tiene primer l\u00edder natural que es incuestionable y del cual emanan las decisiones con las que el cuerpo partidario act\u00faa, pero en todo depende de su gu\u00eda.<br \/>Por lo que toca al PAN y PRD, a estas alturas de sus trayectorias se ocupan en desgastes. Acci\u00f3n Nacional que ten\u00eda una gran oportunidad de crecer y vencer en el Estado de M\u00e9xico, se aleja de la gubernatura debido a la falta de apoyos a Josefina V\u00e1zquez Mota, y los perredistas hacen su mejor esfuerzo con su ex alcalde de Nezahualc\u00f3yotl.<br \/>Como ensayo de 2018, las elecciones de junio, y en particular la del Estado de M\u00e9xico, muestra una clase pol\u00edtica vieja, cansada, mermada en cualidades\u2026<br \/>VIDRIOS SUCIOS.\u2014El secretario de Medio Ambiente, Rafael Pacciano Alaman, debe explicar por qu\u00e9 el fracaso de la prevenci\u00f3n de contingencias ambientales, en las que el castigo lo lleva la gente\u2026<br \/>CONTRALUZ.\u2014El muro de los lamentos del Congreso de la Uni\u00f3n ya qued\u00f3 listo. Se trata de la Comisi\u00f3n de Elecciones que presidir\u00e1 la senadora panista Pilar Ortega Mart\u00ednez, y recibir\u00e1 las denuncias de inconformidades de los procesos electorales del 4 de junio\u2026<br \/>COLORES INTENSOS.\u2014 Este mi\u00e9rcoles, en la sede del Senado en Paseo de la Reforma, la senadora Diva Gast\u00e9lum, presenta una t\u00e9cnica del especialista Fernando Merodio, para detectar c\u00e1ncer de mama con base en una tecnolog\u00eda de avanzada que sin lastimar a la paciente puede llegar hasta siete capas de la mama. El venturoso avance tendr\u00e1 que ser apoyado con una pronta atenci\u00f3n m\u00e9dica que hoy no existe en el Sistema Nacional de Salud: IMSS, ISSSTE, SSA y sistemas estatales\u2026<br \/>VITRAL SOCIAL\u2014 En el 01 800 553 3000, la CNDH toma denuncia de violaciones a derechos humanos.<\/p>\n","protected":false},"excerpt":{"rendered":"<p>Vitral Pol\u00edticoLas fuerzas pol\u00edticas que debieran ser el semillero de los l\u00edderes tienen problemas para motivar la unidad en sus filas y que de estas surja creatividad en la generaci\u00f3n de t\u00e1cticas y estrategias, y que sus esfuerzos sean f\u00e9rtiles.<\/p>\n","protected":false},"author":93,"featured_media":0,"comment_status":"open","ping_status":"open","sticky":false,"template":"","format":"standard","meta":{"footnotes":""},"categories":[42],"tags":[],"class_list":["post-41784","post","type-post","status-publish","format-standard","hentry","category-nuestrapalabra"],"_links":{"self":[{"href":"https:\/\/plazajuarez.mx\/historico\/wp-json\/wp\/v2\/posts\/41784","targetHints":{"allow":["GET"]}}],"collection":[{"href":"https:\/\/plazajuarez.mx\/historico\/wp-json\/wp\/v2\/posts"}],"about":[{"href":"https:\/\/plazajuarez.mx\/historico\/wp-json\/wp\/v2\/types\/post"}],"author":[{"embeddable":true,"href":"https:\/\/plazajuarez.mx\/historico\/wp-json\/wp\/v2\/users\/93"}],"replies":[{"embeddable":true,"href":"https:\/\/plazajuarez.mx\/historico\/wp-json\/wp\/v2\/comments?post=41784"}],"version-history":[{"count":0,"href":"https:\/\/plazajuarez.mx\/historico\/wp-json\/wp\/v2\/posts\/41784\/revisions"}],"wp:attachment":[{"href":"https:\/\/plazajuarez.mx\/historico\/wp-json\/wp\/v2\/media?parent=41784"}],"wp:term":[{"taxonomy":"category","embeddable":true,"href":"https:\/\/plazajuarez.mx\/historico\/wp-json\/wp\/v2\/categories?post=41784"},{"taxonomy":"post_tag","embeddable":true,"href":"https:\/\/plazajuarez.mx\/historico\/wp-json\/wp\/v2\/tags?post=41784"}],"curies":[{"name":"wp","href":"https:\/\/api.w.org\/{rel}","templated":true}]}}